{"id":95103,"date":"2015-08-14T12:59:19","date_gmt":"2015-08-14T15:59:19","guid":{"rendered":"http:\/\/www.r2cpress.com.br\/v1\/?p=95103"},"modified":"2015-08-14T12:59:19","modified_gmt":"2015-08-14T15:59:19","slug":"denuncia-mobilidade-urbana-entrada-da-urbis","status":"publish","type":"post","link":"https:\/\/www.r2cpress.com.br\/v1\/2015\/08\/14\/denuncia-mobilidade-urbana-entrada-da-urbis\/","title":{"rendered":"Den\u00fancia &#8211; Mobilidade Urbana &#8211; (Entrada da Urbis)"},"content":{"rendered":"<div>Caro Rabat,<\/div>\n<div>Bom dia!<\/div>\n<div>Gostaria que postasse essas duas photos, referentes ao come\u00e7o da RUA BELA VISTA, entrada da urbis lateral esquerda do Cemit\u00e9rio S\u00e3o Jo\u00e3o Batista.<\/div>\n<div>O cidad\u00e3o dono da serralheria naquele local diuturnamente se utiliza da(s) cal\u00e7ada(s) em frente ao seu estabelecimento para realizar servi\u00e7os, inclusive SOLDA EL\u00c9TRICA. Isso \u00e9 um duplo problema de Sa\u00fade P\u00fablica: a radia\u00e7\u00e3o emitida no ato da soldagem pode causar les\u00f5es irrepar\u00e1veis na vis\u00e3o humana e ao desviar do obst\u00e1culo o pedestre pode ser atropelado por algum ve\u00edculo.<\/div>\n<div>O que acontece \u00e9 que as ferragens colocadas na(s) cal\u00e7ada(s) &#8211; e at\u00e9 na lateral da pista de rolamento algumas vezes! &#8211; impedem o tr\u00e2nsito de pedestres e afunila o v\u00e3o da pista. Cabe lembrar que na mesma circula \u00f4nibus circulares nos dois sentidos, \u00e9 uma das principais art\u00e9rias de acesso ao bairro Hernane S\u00e1.<\/div>\n<div>Qua as autoridades tomem alguma provid\u00eancia em rela\u00e7\u00e3o ao fato, antes que algum desastre aconte\u00e7a.<\/div>\n<div>\n<div id=\"attachment_95104\" style=\"width: 383px\" class=\"wp-caption aligncenter\"><a href=\"http:\/\/www.r2cpress.com.br\/v1\/wp-content\/uploads\/2015\/08\/01_01.jpg\"><img aria-describedby=\"caption-attachment-95104\" loading=\"lazy\" class=\"size-full wp-image-95104\" src=\"http:\/\/www.r2cpress.com.br\/v1\/wp-content\/uploads\/2015\/08\/01_01.jpg\" alt=\"01_01\" width=\"373\" height=\"500\" srcset=\"https:\/\/www.r2cpress.com.br\/v1\/wp-content\/uploads\/2015\/08\/01_01.jpg 373w, https:\/\/www.r2cpress.com.br\/v1\/wp-content\/uploads\/2015\/08\/01_01-223x300.jpg 223w\" sizes=\"(max-width: 373px) 100vw, 373px\" \/><\/a><p id=\"caption-attachment-95104\" class=\"wp-caption-text\">01_01<\/p><\/div>\n<div id=\"attachment_95105\" style=\"width: 560px\" class=\"wp-caption aligncenter\"><a href=\"http:\/\/www.r2cpress.com.br\/v1\/wp-content\/uploads\/2015\/08\/02_02.jpg\"><img aria-describedby=\"caption-attachment-95105\" loading=\"lazy\" class=\"size-full wp-image-95105\" src=\"http:\/\/www.r2cpress.com.br\/v1\/wp-content\/uploads\/2015\/08\/02_02.jpg\" alt=\"02_02\" width=\"550\" height=\"411\" srcset=\"https:\/\/www.r2cpress.com.br\/v1\/wp-content\/uploads\/2015\/08\/02_02.jpg 550w, https:\/\/www.r2cpress.com.br\/v1\/wp-content\/uploads\/2015\/08\/02_02-300x224.jpg 300w\" sizes=\"(max-width: 550px) 100vw, 550px\" \/><\/a><p id=\"caption-attachment-95105\" class=\"wp-caption-text\">02_02<\/p><\/div>\n<\/div>\n<div style=\"text-align: center;\">POR FAVOR, MANTENHA MEU ANONIMATO, ESTOU CANSADO DE SOFRER TODO TIPO DE AMEA\u00c7A.<\/div>\n<div><\/div>\n<div>Obrigado, amigo!<\/div>\n<div><\/div>\n<div>Att<\/div>\n<div>&#8230;&#8230;&#8230;&#8230;&#8230;&#8230;&#8230;&#8230;&#8230;&#8230;&#8230;&#8230;&#8230;&#8230;&#8230;<\/div>\n<div>Conforme Solicitado.<\/div>\n<div><\/div>\n<div style=\"text-align: center;\"><span style=\"color: #ff0000;\"><strong>ESPA\u00c7O ABERTO PARA O SERRALHEIRO &#8211; QUERENDO &#8211; SE MANIFESTAR.<\/strong><\/span><\/div>\n","protected":false},"excerpt":{"rendered":"<p>Caro Rabat, Bom dia! Gostaria que postasse essas duas photos, referentes ao come\u00e7o da RUA BELA VISTA, entrada da urbis lateral esquerda do Cemit\u00e9rio S\u00e3o Jo\u00e3o Batista. O cidad\u00e3o dono da serralheria naquele local diuturnamente se utiliza da(s) cal\u00e7ada(s) em frente ao seu estabelecimento para realizar servi\u00e7os, inclusive SOLDA EL\u00c9TRICA. Isso \u00e9 um duplo problema [&hellip;]<\/p>\n","protected":false},"author":2,"featured_media":0,"comment_status":"open","ping_status":"open","sticky":false,"template":"","format":"standard","meta":{"_links_to":"","_links_to_target":""},"categories":[10],"tags":[],"_links":{"self":[{"href":"https:\/\/www.r2cpress.com.br\/v1\/wp-json\/wp\/v2\/posts\/95103"}],"collection":[{"href":"https:\/\/www.r2cpress.com.br\/v1\/wp-json\/wp\/v2\/posts"}],"about":[{"href":"https:\/\/www.r2cpress.com.br\/v1\/wp-json\/wp\/v2\/types\/post"}],"author":[{"embeddable":true,"href":"https:\/\/www.r2cpress.com.br\/v1\/wp-json\/wp\/v2\/users\/2"}],"replies":[{"embeddable":true,"href":"https:\/\/www.r2cpress.com.br\/v1\/wp-json\/wp\/v2\/comments?post=95103"}],"version-history":[{"count":2,"href":"https:\/\/www.r2cpress.com.br\/v1\/wp-json\/wp\/v2\/posts\/95103\/revisions"}],"predecessor-version":[{"id":95107,"href":"https:\/\/www.r2cpress.com.br\/v1\/wp-json\/wp\/v2\/posts\/95103\/revisions\/95107"}],"wp:attachment":[{"href":"https:\/\/www.r2cpress.com.br\/v1\/wp-json\/wp\/v2\/media?parent=95103"}],"wp:term":[{"taxonomy":"category","embeddable":true,"href":"https:\/\/www.r2cpress.com.br\/v1\/wp-json\/wp\/v2\/categories?post=95103"},{"taxonomy":"post_tag","embeddable":true,"href":"https:\/\/www.r2cpress.com.br\/v1\/wp-json\/wp\/v2\/tags?post=95103"}],"curies":[{"name":"wp","href":"https:\/\/api.w.org\/{rel}","templated":true}]}}