{"id":95108,"date":"2015-08-14T13:01:59","date_gmt":"2015-08-14T16:01:59","guid":{"rendered":"http:\/\/www.r2cpress.com.br\/v1\/?p=95108"},"modified":"2015-08-14T13:01:59","modified_gmt":"2015-08-14T16:01:59","slug":"opus-dei-67","status":"publish","type":"post","link":"https:\/\/www.r2cpress.com.br\/v1\/2015\/08\/14\/opus-dei-67\/","title":{"rendered":"OPUS DEI"},"content":{"rendered":"<table border=\"0\" width=\"100%\" cellspacing=\"0\" cellpadding=\"0\" align=\"center\" bgcolor=\"#ffffff\">\n<tbody>\n<tr>\n<td valign=\"middle\" bgcolor=\"#efede7\" width=\"100%\" height=\"70\">\n<table border=\"0\" width=\"92%\" cellspacing=\"0\" cellpadding=\"0\" align=\"center\" bgcolor=\"#efede7\">\n<tbody>\n<tr>\n<td align=\"left\" valign=\"middle\" bgcolor=\"#efede7\" width=\"60%\"><a href=\"http:\/\/opusdei.us7.list-manage.com\/track\/click?u=1af5d7b530cb590152589eba5&amp;id=03f37a9d84&amp;e=f88f8593e5\" target=\"_blank\"><img class=\"CToWUd\" src=\"https:\/\/ci5.googleusercontent.com\/proxy\/EtNKQQ_SWBO7iAW-9wsSZrzEYnXlfPuBYQyXUxy-vxzz65Hmv6hVlaiUd_eYpNzh5xL882-jcosafokPU0MhWOXvC3cvECUCzBdlIG6FGvU4yJZ9ViQ0-g=s0-d-e1-ft#http:\/\/odnmedia.s3.amazonaws.com\/static\/images\/newsletter\/logo.gif\" alt=\"Opus Dei\" border=\"0\" \/><\/a><\/td>\n<td bgcolor=\"#efede7\" width=\"4%\"><\/td>\n<td align=\"right\" valign=\"middle\" bgcolor=\"#efede7\" width=\"36%\"><\/td>\n<\/tr>\n<\/tbody>\n<\/table>\n<\/td>\n<\/tr>\n<tr>\n<td valign=\"top\" width=\"100%\">\n<table border=\"0\" width=\"92%\" cellspacing=\"0\" cellpadding=\"0\" align=\"center\">\n<tbody>\n<tr>\n<td valign=\"top\" width=\"100%\"><i>14 de Agosto de 2015<\/i><\/td>\n<\/tr>\n<tr>\n<td valign=\"top\" width=\"100%\"><img loading=\"lazy\" class=\"CToWUd\" src=\"https:\/\/ci6.googleusercontent.com\/proxy\/lzY2OQ6zKLFtDe4bDFwHMZSyRMZxW1UiLzRjBntDHwVhBF3USqgecpKyAXa9cXTm5IW262D4yftt9A6qVUNK-7ZNHa-wq9qN4KSDRBuUnYOpib9spVtSB6uzES58X14=s0-d-e1-ft#http:\/\/odnmedia.s3.amazonaws.com\/static\/images\/newsletter\/bulletintro.gif\" alt=\"\" width=\"14\" height=\"14\" border=\"0\" \/> Catequese do Papa sobre a fam\u00edlia, Projeto &#8220;Volunt\u00e1rio por um dia&#8221; do Centro Cultural Mirador e artigo sobre a Liberdade.<\/td>\n<\/tr>\n<tr>\n<td height=\"29\"><\/td>\n<\/tr>\n<tr>\n<td valign=\"top\" width=\"100%\">\n<table border=\"0\" width=\"100%\" cellspacing=\"0\" cellpadding=\"0\">\n<tbody>\n<tr>\n<td align=\"right\" valign=\"top\" width=\"1%\"><\/td>\n<td width=\"4%\"><\/td>\n<td valign=\"top\" width=\"66%\">\n<table border=\"0\" width=\"100%\" cellspacing=\"0\" cellpadding=\"0\">\n<tbody>\n<tr>\n<td valign=\"top\"><a href=\"http:\/\/opusdei.us7.list-manage1.com\/track\/click?u=1af5d7b530cb590152589eba5&amp;id=b51b6363dc&amp;e=f88f8593e5\" target=\"_blank\"><b>PRELADO<\/b><\/a><\/td>\n<\/tr>\n<tr>\n<td valign=\"top\"><a href=\"http:\/\/opusdei.us7.list-manage.com\/track\/click?u=1af5d7b530cb590152589eba5&amp;id=4cbe9c52d1&amp;e=f88f8593e5\" target=\"_blank\"><b>O Prelado na Col\u00f4mbia<\/b><\/a><\/td>\n<\/tr>\n<tr>\n<td valign=\"top\">Trecho do encontro de Dom Javier Echevarr\u00eda em Col\u00f4mbia durante sua viagem pastoral a este pa\u00eds, a Rep\u00fablica Dominicana e a Trinidad e Tobago.<\/td>\n<\/tr>\n<\/tbody>\n<\/table>\n<\/td>\n<\/tr>\n<\/tbody>\n<\/table>\n<\/td>\n<\/tr>\n<tr>\n<td height=\"18\"><\/td>\n<\/tr>\n<tr>\n<td valign=\"top\" width=\"100%\">\n<table border=\"0\" width=\"100%\" cellspacing=\"0\" cellpadding=\"0\">\n<tbody>\n<tr>\n<td align=\"right\" valign=\"top\" width=\"1%\"><\/td>\n<td width=\"4%\"><\/td>\n<td valign=\"top\" width=\"66%\">\n<table border=\"0\" width=\"100%\" cellspacing=\"0\" cellpadding=\"0\">\n<tbody>\n<tr>\n<td valign=\"top\"><a href=\"http:\/\/opusdei.us7.list-manage1.com\/track\/click?u=1af5d7b530cb590152589eba5&amp;id=c770e23328&amp;e=f88f8593e5\" target=\"_blank\"><b>PAPA<\/b><\/a><\/td>\n<\/tr>\n<tr>\n<td valign=\"top\"><a href=\"http:\/\/opusdei.us7.list-manage.com\/track\/click?u=1af5d7b530cb590152589eba5&amp;id=99e3a25a9d&amp;e=f88f8593e5\" target=\"_blank\"><b>Festa, trabalho e ora\u00e7\u00e3o para uma vida familiar<\/b><\/a><\/td>\n<\/tr>\n<tr>\n<td valign=\"top\">O Papa Francisco em sua catequese explicou tr\u00eas aspectos fundamentais que devem se sustentar a vida familiar das pessoas: festa, trabalho e ora\u00e7\u00e3o.<\/td>\n<\/tr>\n<\/tbody>\n<\/table>\n<\/td>\n<\/tr>\n<\/tbody>\n<\/table>\n<\/td>\n<\/tr>\n<tr>\n<td height=\"18\"><\/td>\n<\/tr>\n<tr>\n<td valign=\"top\" width=\"100%\">\n<table border=\"0\" width=\"100%\" cellspacing=\"0\" cellpadding=\"0\">\n<tbody>\n<tr>\n<td align=\"right\" valign=\"top\" width=\"30%\"><a href=\"http:\/\/opusdei.us7.list-manage.com\/track\/click?u=1af5d7b530cb590152589eba5&amp;id=3d35c0136b&amp;e=f88f8593e5\" target=\"_blank\"><img class=\"CToWUd\" src=\"https:\/\/ci3.googleusercontent.com\/proxy\/d3GEX7Oj9n9RfaK-vYOVugvBclVM3_qStv2iKYeEpdTkMJenX-M6WmNQ0U9ccGozf-9qQofAq8WC3P6AxOCLrd1q247UrDsjiiABHzHCwb3nnhfwByCMd6uwAGenOA=s0-d-e1-ft#http:\/\/odnmedia.s3.amazonaws.com\/image\/IMG_3470_20150812152925152828.jpg\" alt=\"\" width=\"96\" border=\"0\" \/><\/a><\/td>\n<td width=\"4%\"><\/td>\n<td valign=\"top\" width=\"66%\">\n<table border=\"0\" width=\"100%\" cellspacing=\"0\" cellpadding=\"0\">\n<tbody>\n<tr>\n<td valign=\"top\"><a href=\"http:\/\/opusdei.us7.list-manage.com\/track\/click?u=1af5d7b530cb590152589eba5&amp;id=fbaf83cce4&amp;e=f88f8593e5\" target=\"_blank\"><b>NOT\u00cdCIAS<\/b><\/a><\/td>\n<\/tr>\n<tr>\n<td valign=\"top\"><a href=\"http:\/\/opusdei.us7.list-manage.com\/track\/click?u=1af5d7b530cb590152589eba5&amp;id=bf31c1c055&amp;e=f88f8593e5\" target=\"_blank\"><b>Volunt\u00e1rio por um dia<\/b><\/a><\/td>\n<\/tr>\n<tr>\n<td valign=\"top\">Uma iniciativa do Centro Cultural Mirador (Porto Alegre) que transforma a maneira pela qual os jovens veem a realidade a sua volta.<\/td>\n<\/tr>\n<\/tbody>\n<\/table>\n<\/td>\n<\/tr>\n<\/tbody>\n<\/table>\n<\/td>\n<\/tr>\n<tr>\n<td height=\"18\"><\/td>\n<\/tr>\n<tr>\n<td valign=\"top\" width=\"100%\">\n<table border=\"0\" width=\"100%\" cellspacing=\"0\" cellpadding=\"0\">\n<tbody>\n<tr>\n<td align=\"right\" valign=\"top\" width=\"30%\"><a href=\"http:\/\/opusdei.us7.list-manage.com\/track\/click?u=1af5d7b530cb590152589eba5&amp;id=fcc07796ce&amp;e=f88f8593e5\" target=\"_blank\"><img class=\"CToWUd\" src=\"https:\/\/ci6.googleusercontent.com\/proxy\/ss4nj-foPpv7JYD88ZGAcaCB_U6mReTxKM_cmoMQJVxHrQAClCacNFq6F2Xc_y8w70pE-QNzMaE7M_UZv7LEG9z46friu7R6CykYqJmztWjncoKTZJ5ANYxy2RiX75NY0S3H55AfyN4eXrI1ZA=s0-d-e1-ft#http:\/\/odnmedia.s3.amazonaws.com\/image\/6791292101_041abe7d24_z_20150810200805489257.jpg\" alt=\"\" width=\"96\" border=\"0\" \/><\/a><\/td>\n<td width=\"4%\"><\/td>\n<td valign=\"top\" width=\"66%\">\n<table border=\"0\" width=\"100%\" cellspacing=\"0\" cellpadding=\"0\">\n<tbody>\n<tr>\n<td valign=\"top\"><a href=\"http:\/\/opusdei.us7.list-manage2.com\/track\/click?u=1af5d7b530cb590152589eba5&amp;id=80434c4ec2&amp;e=f88f8593e5\" target=\"_blank\"><b>VIRTUDES<\/b><\/a><\/td>\n<\/tr>\n<tr>\n<td valign=\"top\"><a href=\"http:\/\/opusdei.us7.list-manage.com\/track\/click?u=1af5d7b530cb590152589eba5&amp;id=8f47e56697&amp;e=f88f8593e5\" target=\"_blank\"><b>Rumo \u00e0 liberdade<\/b><\/a><\/td>\n<\/tr>\n<tr>\n<td valign=\"top\">Paradoxalmente, a liberdade alcan\u00e7a sua plenitude quando escolhe servir, mas como ter essa liberdade que cresce no amor de Deus?<\/td>\n<\/tr>\n<\/tbody>\n<\/table>\n<\/td>\n<\/tr>\n<\/tbody>\n<\/table>\n<\/td>\n<\/tr>\n<tr>\n<td height=\"18\"><\/td>\n<\/tr>\n<tr>\n<td valign=\"top\" width=\"100%\">\n<table border=\"0\" width=\"100%\" cellspacing=\"0\" cellpadding=\"0\">\n<tbody>\n<tr>\n<td align=\"right\" valign=\"top\" width=\"30%\"><a href=\"http:\/\/opusdei.us7.list-manage.com\/track\/click?u=1af5d7b530cb590152589eba5&amp;id=7ad13359c5&amp;e=f88f8593e5\" target=\"_blank\"><img class=\"CToWUd\" src=\"https:\/\/ci5.googleusercontent.com\/proxy\/VuWZC0E32fOD-Wg-osm2w2G7n2pELNzkbxmtZRA7NL1V8rUvSbjqY1hYjcoWsrMMjhr6V3-1xVwUDHCBmwnh1QeuewDdaXyR3A0jIxvFZsmjJncVyGnf9OKw5fw=s0-d-e1-ft#http:\/\/odnmedia.s3.amazonaws.com\/image\/Loreto_20150810145356132957.jpg\" alt=\"\" width=\"96\" border=\"0\" \/><\/a><\/td>\n<td width=\"4%\"><\/td>\n<td valign=\"top\" width=\"66%\">\n<table border=\"0\" width=\"100%\" cellspacing=\"0\" cellpadding=\"0\">\n<tbody>\n<tr>\n<td valign=\"top\"><a href=\"http:\/\/opusdei.us7.list-manage2.com\/track\/click?u=1af5d7b530cb590152589eba5&amp;id=0562e172dc&amp;e=f88f8593e5\" target=\"_blank\"><b>OPUS DEI<\/b><\/a><\/td>\n<\/tr>\n<tr>\n<td valign=\"top\"><a href=\"http:\/\/opusdei.us7.list-manage.com\/track\/click?u=1af5d7b530cb590152589eba5&amp;id=a2eb6baeba&amp;e=f88f8593e5\" target=\"_blank\"><b>15 de Agosto de 1951: uma viagem especial a Loreto<\/b><\/a><\/td>\n<\/tr>\n<tr>\n<td valign=\"top\">No dia em que a Igreja celebra a festa da Assun\u00e7\u00e3o de Nossa Senhora, recordamos a viagem que o fundador do Opus Dei fez a Loreto(It\u00e1lia) em 15 de Agosto de 1951.<\/td>\n<\/tr>\n<\/tbody>\n<\/table>\n<\/td>\n<\/tr>\n<\/tbody>\n<\/table>\n<\/td>\n<\/tr>\n<tr>\n<td height=\"18\"><\/td>\n<\/tr>\n<tr>\n<td valign=\"top\" width=\"100%\">\n<table border=\"0\" width=\"100%\" cellspacing=\"0\" cellpadding=\"0\">\n<tbody>\n<tr>\n<td align=\"right\" valign=\"top\" width=\"30%\"><a href=\"http:\/\/opusdei.us7.list-manage.com\/track\/click?u=1af5d7b530cb590152589eba5&amp;id=f1eaa6e18f&amp;e=f88f8593e5\" target=\"_blank\"><img class=\"CToWUd\" src=\"https:\/\/ci6.googleusercontent.com\/proxy\/UMeAD8eRlkyx7BFfaxdBbT_wDX6IW9vSc4GP_2KWOneT78QpTjtWjxPycfIZJwRRbHnADUsHxWn5a9Cz2kSEvMVgVD36XPztqt7gu2xBskzIWjfWmd1kyOiTDG5Oxg=s0-d-e1-ft#http:\/\/odnmedia.s3.amazonaws.com\/image\/asuncion_20150810144105341688.jpg\" alt=\"\" width=\"96\" border=\"0\" \/><\/a><\/td>\n<td width=\"4%\"><\/td>\n<td valign=\"top\" width=\"66%\">\n<table border=\"0\" width=\"100%\" cellspacing=\"0\" cellpadding=\"0\">\n<tbody>\n<tr>\n<td valign=\"top\"><a href=\"http:\/\/opusdei.us7.list-manage2.com\/track\/click?u=1af5d7b530cb590152589eba5&amp;id=41c840f4ce&amp;e=f88f8593e5\" target=\"_blank\"><b>NOSSA SENHORA<\/b><\/a><\/td>\n<\/tr>\n<tr>\n<td valign=\"top\"><a href=\"http:\/\/opusdei.us7.list-manage.com\/track\/click?u=1af5d7b530cb590152589eba5&amp;id=05fa345b3d&amp;e=f88f8593e5\" target=\"_blank\"><b>Vida de Maria (XIX): Dormi\u00e7\u00e3o e Assun\u00e7\u00e3o<\/b><\/a><\/td>\n<\/tr>\n<tr>\n<td valign=\"top\">\u201cO C\u00e9u tem um cora\u00e7\u00e3o\u201d, dizia o Papa Bento XVI, o da Virgem Maria, que foi levada em corpo e alma para junto do seu Filho para sempre.<\/td>\n<\/tr>\n<\/tbody>\n<\/table>\n<\/td>\n<\/tr>\n<\/tbody>\n<\/table>\n<\/td>\n<\/tr>\n<tr>\n<td height=\"18\"><\/td>\n<\/tr>\n<tr>\n<td valign=\"top\" width=\"100%\">\n<table border=\"0\" width=\"100%\" cellspacing=\"0\" cellpadding=\"0\">\n<tbody>\n<tr>\n<td align=\"right\" valign=\"top\" width=\"30%\"><a href=\"http:\/\/opusdei.us7.list-manage2.com\/track\/click?u=1af5d7b530cb590152589eba5&amp;id=be348e6c46&amp;e=f88f8593e5\" target=\"_blank\"><img class=\"CToWUd\" src=\"https:\/\/ci5.googleusercontent.com\/proxy\/CDgeuJAGZiUgoymtzskIH7XV6krbd7FY-T8TXc11OKMvWn9Lgbbj0TeRrGxNVRdpmNVJTMOb7JxXuZZFHw0tHFVDVd6YAc63vQ=s0-d-e1-ft#http:\/\/img.youtube.com\/vi\/yputhRPzWpE\/hqdefault.jpg\" alt=\"\" width=\"96\" border=\"0\" \/><\/a><\/td>\n<td width=\"4%\"><\/td>\n<td valign=\"top\" width=\"66%\">\n<table border=\"0\" width=\"100%\" cellspacing=\"0\" cellpadding=\"0\">\n<tbody>\n<tr>\n<td valign=\"top\"><a href=\"http:\/\/opusdei.us7.list-manage.com\/track\/click?u=1af5d7b530cb590152589eba5&amp;id=3ae8946265&amp;e=f88f8593e5\" target=\"_blank\"><b>OUTROS RECURSOS<\/b><\/a><\/td>\n<\/tr>\n<tr>\n<td valign=\"top\"><a href=\"http:\/\/opusdei.us7.list-manage1.com\/track\/click?u=1af5d7b530cb590152589eba5&amp;id=fd32408a34&amp;e=f88f8593e5\" target=\"_blank\"><b>S\u00e3o Josemaria por Dora del Hoyo<\/b><\/a><\/td>\n<\/tr>\n<tr>\n<td valign=\"top\">Em uma entrevista, Dora del Hoyo conta suas impress\u00f5es de quando conheceu S\u00e3o Josemaria.<\/td>\n<\/tr>\n<\/tbody>\n<\/table>\n<\/td>\n<\/tr>\n<\/tbody>\n<\/table>\n<\/td>\n<\/tr>\n<\/tbody>\n<\/table>\n<\/td>\n<\/tr>\n<\/tbody>\n<\/table>\n","protected":false},"excerpt":{"rendered":"<p>14 de Agosto de 2015 Catequese do Papa sobre a fam\u00edlia, Projeto &#8220;Volunt\u00e1rio por um dia&#8221; do Centro Cultural Mirador e artigo sobre a Liberdade. PRELADO O Prelado na Col\u00f4mbia Trecho do encontro de Dom Javier Echevarr\u00eda em Col\u00f4mbia durante sua viagem pastoral a este pa\u00eds, a Rep\u00fablica Dominicana e a Trinidad e Tobago. PAPA [&hellip;]<\/p>\n","protected":false},"author":2,"featured_media":0,"comment_status":"open","ping_status":"open","sticky":false,"template":"","format":"standard","meta":{"_links_to":"","_links_to_target":""},"categories":[28],"tags":[],"_links":{"self":[{"href":"https:\/\/www.r2cpress.com.br\/v1\/wp-json\/wp\/v2\/posts\/95108"}],"collection":[{"href":"https:\/\/www.r2cpress.com.br\/v1\/wp-json\/wp\/v2\/posts"}],"about":[{"href":"https:\/\/www.r2cpress.com.br\/v1\/wp-json\/wp\/v2\/types\/post"}],"author":[{"embeddable":true,"href":"https:\/\/www.r2cpress.com.br\/v1\/wp-json\/wp\/v2\/users\/2"}],"replies":[{"embeddable":true,"href":"https:\/\/www.r2cpress.com.br\/v1\/wp-json\/wp\/v2\/comments?post=95108"}],"version-history":[{"count":1,"href":"https:\/\/www.r2cpress.com.br\/v1\/wp-json\/wp\/v2\/posts\/95108\/revisions"}],"predecessor-version":[{"id":95109,"href":"https:\/\/www.r2cpress.com.br\/v1\/wp-json\/wp\/v2\/posts\/95108\/revisions\/95109"}],"wp:attachment":[{"href":"https:\/\/www.r2cpress.com.br\/v1\/wp-json\/wp\/v2\/media?parent=95108"}],"wp:term":[{"taxonomy":"category","embeddable":true,"href":"https:\/\/www.r2cpress.com.br\/v1\/wp-json\/wp\/v2\/categories?post=95108"},{"taxonomy":"post_tag","embeddable":true,"href":"https:\/\/www.r2cpress.com.br\/v1\/wp-json\/wp\/v2\/tags?post=95108"}],"curies":[{"name":"wp","href":"https:\/\/api.w.org\/{rel}","templated":true}]}}