{"id":95124,"date":"2015-08-14T20:33:00","date_gmt":"2015-08-14T23:33:00","guid":{"rendered":"http:\/\/www.r2cpress.com.br\/v1\/?p=95124"},"modified":"2015-08-14T20:36:40","modified_gmt":"2015-08-14T23:36:40","slug":"deputado-e-produtores-do-sul-pedem-apoio-para-incrementar-o-mercado-do-cacau","status":"publish","type":"post","link":"https:\/\/www.r2cpress.com.br\/v1\/2015\/08\/14\/deputado-e-produtores-do-sul-pedem-apoio-para-incrementar-o-mercado-do-cacau\/","title":{"rendered":"Deputado e produtores do sul pedem apoio para incrementar o mercado do cacau"},"content":{"rendered":"<p dir=\"ltr\">Durante a visita da presidente Dilma Rousseff hoje (14\/08) a Salvador, o deputado federal Davidson Magalh\u00e3es (PCdoB-Ba) acertou com o ministro Armando Monteiro, do Minist\u00e9rio do Desenvolvimento Ind\u00fastria e Com\u00e9rcio Exterior, audi\u00eancia para a pr\u00f3xima semana com secret\u00e1rios de agricultura e produtores de chocolate da regi\u00e3o sul da Bahia para discutir com o governo federal provid\u00eancias que beneficiem o desenvolvimento de f\u00e1bricas na regi\u00e3o.<\/p>\n<div id=\"attachment_95125\" style=\"width: 560px\" class=\"wp-caption aligncenter\"><a href=\"http:\/\/www.r2cpress.com.br\/v1\/wp-content\/uploads\/2015\/08\/Dep.jpg\"><img aria-describedby=\"caption-attachment-95125\" loading=\"lazy\" class=\"wp-image-95125 size-full\" src=\"http:\/\/www.r2cpress.com.br\/v1\/wp-content\/uploads\/2015\/08\/Dep.jpg\" alt=\"Davidson  e o ministro Armando Monteiro\" width=\"550\" height=\"413\" srcset=\"https:\/\/www.r2cpress.com.br\/v1\/wp-content\/uploads\/2015\/08\/Dep.jpg 550w, https:\/\/www.r2cpress.com.br\/v1\/wp-content\/uploads\/2015\/08\/Dep-300x225.jpg 300w\" sizes=\"(max-width: 550px) 100vw, 550px\" \/><\/a><p id=\"caption-attachment-95125\" class=\"wp-caption-text\">Davidson e o ministro Armando Monteiro<\/p><\/div>\n<p dir=\"ltr\">O deputado est\u00e1 ao lado dos produtores e cacauicultores da regi\u00e3o de Itabuna e Ilh\u00e9us que pedem que se fa\u00e7a uma redu\u00e7\u00e3o no atual prazo de 2 anos, na pol\u00edtica de drawback, institu\u00edda sob regimes aduaneiros especiais, \u00a0que significa a importa\u00e7\u00e3o de insumos com isen\u00e7\u00e3o de impostos para a reexporta\u00e7\u00e3o de produtos manufaturados.<\/p>\n<p dir=\"ltr\">Davidson Magalh\u00e3es considera que quando foi implantada esta pol\u00edtica, durante a grave crise do produto, no per\u00edodo da praga da \u201cvassoura\u00a0de bruxa\u201d, nas d\u00e9cadas de 80 e 90, \u201cisto se justificou\u201d, mas que, diante da recupera\u00e7\u00e3o da lavoura, em 2014 produziram 279 mil toneladas, \u201cfaz-se necess\u00e1rio uma revis\u00e3o da pol\u00edtica de drawback de modo a estimular e facilitar o desempenho da produ\u00e7\u00e3o e a exporta\u00e7\u00e3o do produto manufaturado.<\/p>\n","protected":false},"excerpt":{"rendered":"<p>Durante a visita da presidente Dilma Rousseff hoje (14\/08) a Salvador, o deputado federal Davidson Magalh\u00e3es (PCdoB-Ba) acertou com o ministro Armando Monteiro, do Minist\u00e9rio do Desenvolvimento Ind\u00fastria e Com\u00e9rcio Exterior, audi\u00eancia para a pr\u00f3xima semana com secret\u00e1rios de agricultura e produtores de chocolate da regi\u00e3o sul da Bahia para discutir com o governo federal [&hellip;]<\/p>\n","protected":false},"author":2,"featured_media":0,"comment_status":"open","ping_status":"open","sticky":false,"template":"","format":"standard","meta":{"_links_to":"","_links_to_target":""},"categories":[22],"tags":[],"_links":{"self":[{"href":"https:\/\/www.r2cpress.com.br\/v1\/wp-json\/wp\/v2\/posts\/95124"}],"collection":[{"href":"https:\/\/www.r2cpress.com.br\/v1\/wp-json\/wp\/v2\/posts"}],"about":[{"href":"https:\/\/www.r2cpress.com.br\/v1\/wp-json\/wp\/v2\/types\/post"}],"author":[{"embeddable":true,"href":"https:\/\/www.r2cpress.com.br\/v1\/wp-json\/wp\/v2\/users\/2"}],"replies":[{"embeddable":true,"href":"https:\/\/www.r2cpress.com.br\/v1\/wp-json\/wp\/v2\/comments?post=95124"}],"version-history":[{"count":2,"href":"https:\/\/www.r2cpress.com.br\/v1\/wp-json\/wp\/v2\/posts\/95124\/revisions"}],"predecessor-version":[{"id":95127,"href":"https:\/\/www.r2cpress.com.br\/v1\/wp-json\/wp\/v2\/posts\/95124\/revisions\/95127"}],"wp:attachment":[{"href":"https:\/\/www.r2cpress.com.br\/v1\/wp-json\/wp\/v2\/media?parent=95124"}],"wp:term":[{"taxonomy":"category","embeddable":true,"href":"https:\/\/www.r2cpress.com.br\/v1\/wp-json\/wp\/v2\/categories?post=95124"},{"taxonomy":"post_tag","embeddable":true,"href":"https:\/\/www.r2cpress.com.br\/v1\/wp-json\/wp\/v2\/tags?post=95124"}],"curies":[{"name":"wp","href":"https:\/\/api.w.org\/{rel}","templated":true}]}}