{"id":95134,"date":"2015-08-15T09:29:17","date_gmt":"2015-08-15T12:29:17","guid":{"rendered":"http:\/\/www.r2cpress.com.br\/v1\/?p=95134"},"modified":"2015-08-15T09:29:17","modified_gmt":"2015-08-15T12:29:17","slug":"xv-concurso-garota-e-garoto-vilela-acontece-em-ilheus-neste-mes","status":"publish","type":"post","link":"https:\/\/www.r2cpress.com.br\/v1\/2015\/08\/15\/xv-concurso-garota-e-garoto-vilela-acontece-em-ilheus-neste-mes\/","title":{"rendered":"XV Concurso Garota e Garoto Vilela acontece em Ilh\u00e9us, neste m\u00eas"},"content":{"rendered":"<p><em>Inscri\u00e7\u00f5es est\u00e3o abertas at\u00e9 este s\u00e1bado, 15, na sede do\u00a0N\u00facleo S\u00f3cio Cultural do Teot\u00f4nio Vilela, na Rua Nossa Senhora da Concei\u00e7\u00e3o, n\u00famero 28<\/em><br \/>\n<div id=\"attachment_95135\" style=\"width: 560px\" class=\"wp-caption aligncenter\"><a href=\"http:\/\/www.r2cpress.com.br\/v1\/wp-content\/uploads\/2015\/08\/Participantes-da-\u00faltima-edi\u00e7\u00e3o-do-concurso-garoto-e-garota-vilela.-Foto-Divulga\u00e7\u00e3o..jpg\"><img aria-describedby=\"caption-attachment-95135\" loading=\"lazy\" class=\"wp-image-95135 size-full\" src=\"http:\/\/www.r2cpress.com.br\/v1\/wp-content\/uploads\/2015\/08\/Participantes-da-\u00faltima-edi\u00e7\u00e3o-do-concurso-garoto-e-garota-vilela.-Foto-Divulga\u00e7\u00e3o..jpg\" alt=\"Participantes da \u00faltima edi\u00e7\u00e3o do concurso garoto e garota vilela. Foto Divulga\u00e7\u00e3o.\" width=\"550\" height=\"413\" srcset=\"https:\/\/www.r2cpress.com.br\/v1\/wp-content\/uploads\/2015\/08\/Participantes-da-\u00faltima-edi\u00e7\u00e3o-do-concurso-garoto-e-garota-vilela.-Foto-Divulga\u00e7\u00e3o..jpg 550w, https:\/\/www.r2cpress.com.br\/v1\/wp-content\/uploads\/2015\/08\/Participantes-da-\u00faltima-edi\u00e7\u00e3o-do-concurso-garoto-e-garota-vilela.-Foto-Divulga\u00e7\u00e3o.-300x225.jpg 300w\" sizes=\"(max-width: 550px) 100vw, 550px\" \/><\/a><p id=\"caption-attachment-95135\" class=\"wp-caption-text\">Participantes da \u00faltima edi\u00e7\u00e3o do concurso garoto e garota vilela. Foto Divulga\u00e7\u00e3o.<\/p><\/div><\/p>\n<p>No dia 29 deste m\u00eas, o bairro Teot\u00f4nio Vilela estar\u00e1 em festa com a realiza\u00e7\u00e3o do XV Concurso Garota e Garoto Vilela. O evento acontece na Avenida Central, a partir das 19h, e conta com o apoio da Prefeitura de Ilh\u00e9us, atrav\u00e9s da Secretaria de Comunica\u00e7\u00e3o (Secom) e Secretaria de Cultura (Secult), Gabriela FM, dos vereadores Tarc\u00edsio Paix\u00e3o e Valmir Freitas e da comunidade local.<\/p>\n<p>O evento contar\u00e1 com apresenta\u00e7\u00f5es culturais desenvolvidas em oficinas do N\u00facleo S\u00f3cio-Cultural do Teot\u00f4nio Vilela, shows musicais, encerramento do projeto Vilelinha de conviv\u00eancia, que teve o apoio do Conselho dos Direitos da Crian\u00e7a e do Adolescente (CMDCA) e da Secretaria Municipal de Desenvolvimento Social (SDS) e com o grande desfile dos candidatos.<\/p>\n<p>De acordo com o diretor de eventos da Associa\u00e7\u00e3o de Moradores do bairro, Rodolfo Macedo, o\u00a0objetivo do evento \u00e9\u00a0promover uma grande festa na qual todos possam torcer e se divertir, al\u00e9m de\u00a0manter viva uma tradi\u00e7\u00e3o que h\u00e1 15 edi\u00e7\u00f5es tem conseguido reunir a comunidade em prol de uma\u00a0noite de beleza e cultura.<\/p>\n<p><strong>Inscri\u00e7\u00e3o \u2013\u00a0<\/strong>As inscri\u00e7\u00f5es podem ser feitas at\u00e9 este s\u00e1bado, 15, na\u00a0sede do N\u00facleo S\u00f3cio Cultural do Teot\u00f4nio Vilela, na Rua Nossa Senhora da Concei\u00e7\u00e3o, n\u00famero 28. Menores de 18 anos precisam apresentar uma autoriza\u00e7\u00e3o dos pais e\/ou respons\u00e1veis legais para participar do evento.<\/p>\n","protected":false},"excerpt":{"rendered":"<p>Inscri\u00e7\u00f5es est\u00e3o abertas at\u00e9 este s\u00e1bado, 15, na sede do\u00a0N\u00facleo S\u00f3cio Cultural do Teot\u00f4nio Vilela, na Rua Nossa Senhora da Concei\u00e7\u00e3o, n\u00famero 28 No dia 29 deste m\u00eas, o bairro Teot\u00f4nio Vilela estar\u00e1 em festa com a realiza\u00e7\u00e3o do XV Concurso Garota e Garoto Vilela. O evento acontece na Avenida Central, a partir das 19h, [&hellip;]<\/p>\n","protected":false},"author":2,"featured_media":0,"comment_status":"open","ping_status":"open","sticky":false,"template":"","format":"standard","meta":{"_links_to":"","_links_to_target":""},"categories":[23],"tags":[],"_links":{"self":[{"href":"https:\/\/www.r2cpress.com.br\/v1\/wp-json\/wp\/v2\/posts\/95134"}],"collection":[{"href":"https:\/\/www.r2cpress.com.br\/v1\/wp-json\/wp\/v2\/posts"}],"about":[{"href":"https:\/\/www.r2cpress.com.br\/v1\/wp-json\/wp\/v2\/types\/post"}],"author":[{"embeddable":true,"href":"https:\/\/www.r2cpress.com.br\/v1\/wp-json\/wp\/v2\/users\/2"}],"replies":[{"embeddable":true,"href":"https:\/\/www.r2cpress.com.br\/v1\/wp-json\/wp\/v2\/comments?post=95134"}],"version-history":[{"count":2,"href":"https:\/\/www.r2cpress.com.br\/v1\/wp-json\/wp\/v2\/posts\/95134\/revisions"}],"predecessor-version":[{"id":95137,"href":"https:\/\/www.r2cpress.com.br\/v1\/wp-json\/wp\/v2\/posts\/95134\/revisions\/95137"}],"wp:attachment":[{"href":"https:\/\/www.r2cpress.com.br\/v1\/wp-json\/wp\/v2\/media?parent=95134"}],"wp:term":[{"taxonomy":"category","embeddable":true,"href":"https:\/\/www.r2cpress.com.br\/v1\/wp-json\/wp\/v2\/categories?post=95134"},{"taxonomy":"post_tag","embeddable":true,"href":"https:\/\/www.r2cpress.com.br\/v1\/wp-json\/wp\/v2\/tags?post=95134"}],"curies":[{"name":"wp","href":"https:\/\/api.w.org\/{rel}","templated":true}]}}