{"id":95141,"date":"2015-08-15T12:00:11","date_gmt":"2015-08-15T15:00:11","guid":{"rendered":"http:\/\/www.r2cpress.com.br\/v1\/?p=95141"},"modified":"2015-08-15T12:12:41","modified_gmt":"2015-08-15T15:12:41","slug":"nata-de-falecimento","status":"publish","type":"post","link":"https:\/\/www.r2cpress.com.br\/v1\/2015\/08\/15\/nata-de-falecimento\/","title":{"rendered":"Nota de Falecimento"},"content":{"rendered":"<p><strong>\u00c9 com grande pesar que informamos o falecimento de Antonio Alc\u00e2ntara, conhecido como China, propriet\u00e1rio do Bar e \u00a0Caranguejaria O china\u00ea (Pontal). O corpo est\u00e1 sendo velado na \u00a0Loja Ma\u00e7\u00f4nica Regenera\u00e7\u00e3o Sul Baiano, ao lado da Igreja de S\u00e3o Jorge. O enterro est\u00e1 previsto para hoje 15\/08 \u00a0\u00e0s 15: 30 \u00a0no cemit\u00e9rio da Vit\u00f3ria. <\/strong><\/p>\n<p style=\"text-align: center;\"><strong>A fam\u00edlia agradece.<\/strong><\/p>\n<div>&#8212;<\/div>\n<div>Fam\u00edlia Alc\u00e2ntara<\/div>\n","protected":false},"excerpt":{"rendered":"<p>\u00c9 com grande pesar que informamos o falecimento de Antonio Alc\u00e2ntara, conhecido como China, propriet\u00e1rio do Bar e \u00a0Caranguejaria O china\u00ea (Pontal). O corpo est\u00e1 sendo velado na \u00a0Loja Ma\u00e7\u00f4nica Regenera\u00e7\u00e3o Sul Baiano, ao lado da Igreja de S\u00e3o Jorge. O enterro est\u00e1 previsto para hoje 15\/08 \u00a0\u00e0s 15: 30 \u00a0no cemit\u00e9rio da Vit\u00f3ria. A [&hellip;]<\/p>\n","protected":false},"author":2,"featured_media":0,"comment_status":"open","ping_status":"open","sticky":false,"template":"","format":"standard","meta":{"_links_to":"","_links_to_target":""},"categories":[21],"tags":[],"_links":{"self":[{"href":"https:\/\/www.r2cpress.com.br\/v1\/wp-json\/wp\/v2\/posts\/95141"}],"collection":[{"href":"https:\/\/www.r2cpress.com.br\/v1\/wp-json\/wp\/v2\/posts"}],"about":[{"href":"https:\/\/www.r2cpress.com.br\/v1\/wp-json\/wp\/v2\/types\/post"}],"author":[{"embeddable":true,"href":"https:\/\/www.r2cpress.com.br\/v1\/wp-json\/wp\/v2\/users\/2"}],"replies":[{"embeddable":true,"href":"https:\/\/www.r2cpress.com.br\/v1\/wp-json\/wp\/v2\/comments?post=95141"}],"version-history":[{"count":4,"href":"https:\/\/www.r2cpress.com.br\/v1\/wp-json\/wp\/v2\/posts\/95141\/revisions"}],"predecessor-version":[{"id":95145,"href":"https:\/\/www.r2cpress.com.br\/v1\/wp-json\/wp\/v2\/posts\/95141\/revisions\/95145"}],"wp:attachment":[{"href":"https:\/\/www.r2cpress.com.br\/v1\/wp-json\/wp\/v2\/media?parent=95141"}],"wp:term":[{"taxonomy":"category","embeddable":true,"href":"https:\/\/www.r2cpress.com.br\/v1\/wp-json\/wp\/v2\/categories?post=95141"},{"taxonomy":"post_tag","embeddable":true,"href":"https:\/\/www.r2cpress.com.br\/v1\/wp-json\/wp\/v2\/tags?post=95141"}],"curies":[{"name":"wp","href":"https:\/\/api.w.org\/{rel}","templated":true}]}}