{"id":95146,"date":"2015-08-15T12:46:07","date_gmt":"2015-08-15T15:46:07","guid":{"rendered":"http:\/\/www.r2cpress.com.br\/v1\/?p=95146"},"modified":"2015-08-15T12:46:07","modified_gmt":"2015-08-15T15:46:07","slug":"mundial-junior-de-luta-olimpica-termina-neste-domingo-a-noite","status":"publish","type":"post","link":"https:\/\/www.r2cpress.com.br\/v1\/2015\/08\/15\/mundial-junior-de-luta-olimpica-termina-neste-domingo-a-noite\/","title":{"rendered":"Mundial J\u00fanior de Luta Ol\u00edmpica\u00a0  termina neste domingo \u00e0 noite"},"content":{"rendered":"<p>As lutas classificat\u00f3rias come\u00e7am a partir das 10 horas. \u00c0 noite, as finais come\u00e7am \u00e0s 18 horas.<\/p>\n<p>Com entrada gratuita para o p\u00fablico termina neste domingo 16, \u00e0 noite, o Campeonato Mundial J\u00fanior de Wrestling (luta ol\u00edmpica), no Centro Pan-Americano de Jud\u00f4 (CPJ), em Lauro de Freitas, defronte \u00e0 praia de Ipitanga.<\/p>\n<p>As lutas come\u00e7am a partir das 10 horas da manh\u00e3, valendo pelas fases de  classifica\u00e7\u00e3o e repescagem. \u00c0 noite, as finais come\u00e7am \u00e0s 18 horas, seguido das premia\u00e7\u00f5es dos vencedores do estilo livre masculino.<\/p>\n<p>A competi\u00e7\u00e3o promovida pelo Governo do Estado, atrav\u00e9s da Secretaria do Trabalho, Emprego, Renda e Esporte (Setre) \u00e9 aberta ao p\u00fablico.<\/p>\n<p>As lutas pelo Mundial J\u00fanior de Wrestling (Luta Ol\u00edmpica) \u2013pela primeira vez na Am\u00e9rica do Sul &#8211; come\u00e7aram na \u00faltima ter\u00e7a-feira 11, e re\u00fanem mais de mil atletas de 62 pa\u00edses dos cinco continentes. Foram disputadas tr\u00eas categorias: greco-romano, estilo livre feminino e estilo livre masculino.<\/p>\n","protected":false},"excerpt":{"rendered":"<p>As lutas classificat\u00f3rias come\u00e7am a partir das 10 horas. \u00c0 noite, as finais come\u00e7am \u00e0s 18 horas. Com entrada gratuita para o p\u00fablico termina neste domingo 16, \u00e0 noite, o Campeonato Mundial J\u00fanior de Wrestling (luta ol\u00edmpica), no Centro Pan-Americano de Jud\u00f4 (CPJ), em Lauro de Freitas, defronte \u00e0 praia de Ipitanga. As lutas come\u00e7am [&hellip;]<\/p>\n","protected":false},"author":2,"featured_media":0,"comment_status":"open","ping_status":"open","sticky":false,"template":"","format":"standard","meta":{"_links_to":"","_links_to_target":""},"categories":[11,29],"tags":[],"_links":{"self":[{"href":"https:\/\/www.r2cpress.com.br\/v1\/wp-json\/wp\/v2\/posts\/95146"}],"collection":[{"href":"https:\/\/www.r2cpress.com.br\/v1\/wp-json\/wp\/v2\/posts"}],"about":[{"href":"https:\/\/www.r2cpress.com.br\/v1\/wp-json\/wp\/v2\/types\/post"}],"author":[{"embeddable":true,"href":"https:\/\/www.r2cpress.com.br\/v1\/wp-json\/wp\/v2\/users\/2"}],"replies":[{"embeddable":true,"href":"https:\/\/www.r2cpress.com.br\/v1\/wp-json\/wp\/v2\/comments?post=95146"}],"version-history":[{"count":1,"href":"https:\/\/www.r2cpress.com.br\/v1\/wp-json\/wp\/v2\/posts\/95146\/revisions"}],"predecessor-version":[{"id":95147,"href":"https:\/\/www.r2cpress.com.br\/v1\/wp-json\/wp\/v2\/posts\/95146\/revisions\/95147"}],"wp:attachment":[{"href":"https:\/\/www.r2cpress.com.br\/v1\/wp-json\/wp\/v2\/media?parent=95146"}],"wp:term":[{"taxonomy":"category","embeddable":true,"href":"https:\/\/www.r2cpress.com.br\/v1\/wp-json\/wp\/v2\/categories?post=95146"},{"taxonomy":"post_tag","embeddable":true,"href":"https:\/\/www.r2cpress.com.br\/v1\/wp-json\/wp\/v2\/tags?post=95146"}],"curies":[{"name":"wp","href":"https:\/\/api.w.org\/{rel}","templated":true}]}}