{"id":95158,"date":"2015-08-15T19:04:11","date_gmt":"2015-08-15T22:04:11","guid":{"rendered":"http:\/\/www.r2cpress.com.br\/v1\/?p=95158"},"modified":"2015-08-15T19:04:11","modified_gmt":"2015-08-15T22:04:11","slug":"brasil-cai-na-repescagem-do-estilo-livre-masculino-no-mundial-de-luta-olimpica","status":"publish","type":"post","link":"https:\/\/www.r2cpress.com.br\/v1\/2015\/08\/15\/brasil-cai-na-repescagem-do-estilo-livre-masculino-no-mundial-de-luta-olimpica\/","title":{"rendered":"Brasil cai na repescagem do estilo livre masculino no Mundial de Luta Ol\u00edmpica"},"content":{"rendered":"<p><em><strong>A Sele\u00e7\u00e3o Brasileira espera encerrar as disputas na Bahia com resultados mais positivos.<\/strong><\/em><\/p>\n<p>Juliano Carvalho (SP) e Jonas Silva (PE) come\u00e7aram a manh\u00e3 deste s\u00e1bado 15, levando alegria ao p\u00fablico, que est\u00e1 prestigiando o Mundial J\u00fanior de Wrestling, no Centro Pan-Americano de Jud\u00f4 (CPJ), em Lauro de Freitas, Regi\u00e3o Metropolitana de Salvador.<\/p>\n<p>O paulista Juliano Carvalho conquistou a primeira vit\u00f3ria para o Brasil derrotando o chileno Bastien Mateluna Leiva por 12 a 2, no estilo livre masculino. O que permite, como o pr\u00f3prio nome sugere, atacar e defender utilizando as pernas.<\/p>\n<p>J\u00e1 o pernambucano Jonas Silva foi beneficiado com a queda do advers\u00e1rio Giorgi Chkarttishvili, da Ge\u00f3rgia, que sofreu uma luxa\u00e7\u00e3o no ombro, ap\u00f3s sofrer um golpe do brasileiro. A luta estava empatada em 2 a 2 e o \u00e1rbitro central deu o combate por encerrado.<\/p>\n<p><strong>Repescagem<\/strong><\/p>\n<p>Na etapa da repescagem a sorte fugiu dos brasileiros. Juliano foi derrotado pelo dominicano Albaro Ru Desindo, na categoria at\u00e9 60kg. \u201cLutei muito mal. Fui p\u00e9ssimo. A derrota me serviu de aprendizado. Preciso lutar melhor para almejar medalhas nas pr\u00f3ximas competi\u00e7\u00f5es internacionais\u201d, declarou de forma reticente e muito abatido.<\/p>\n<p>Jonas, na categoria at\u00e9 96kg,  reconheceu que o indiano Rouble Singh  foi superior na luta. \u201cEle se mostrou com mais t\u00e9cnica e conseguiu a vit\u00f3ria por 12 a 1. Eu tentei surpreend\u00ea-lo e me dei mal\u201d, disse ainda agachado e na \u00e1rea de entrevistas.<\/p>\n<p>Os outros dois brasileiros, que entraram no tapete de lutas, neste primeiro dia do estilo livre masculino, foram eliminados sumariamente. Os amazonenses Matheus Frota (AM) na categoria at\u00e9 74kg e Patrick Alves (AM), na categoria at\u00e9 50kg perderam suas lutas, respectivamente para Byambador Bat-Erdene (MGL) e Darkhan Kalkenov (KAZ).<\/p>\n<p>Neste domingo, termina o Mundial Junior de Wrestling, com o segundo dia de estilo livre masculino. Estar\u00e3o representando o Brasil, David Moreira (AM), na categoria at\u00e9 55kg; F\u00e1bio Costa (RJ),na categoria 66kg; F\u00e1bio J\u00fanior (AM), na categoria at\u00e9 84kg; e Iago Oliveira (MG), na categoria at\u00e9 120kg. A Sele\u00e7\u00e3o Brasileira espera encerrar as disputas na Bahia com resultados mais positivos.<\/p>\n","protected":false},"excerpt":{"rendered":"<p>A Sele\u00e7\u00e3o Brasileira espera encerrar as disputas na Bahia com resultados mais positivos. Juliano Carvalho (SP) e Jonas Silva (PE) come\u00e7aram a manh\u00e3 deste s\u00e1bado 15, levando alegria ao p\u00fablico, que est\u00e1 prestigiando o Mundial J\u00fanior de Wrestling, no Centro Pan-Americano de Jud\u00f4 (CPJ), em Lauro de Freitas, Regi\u00e3o Metropolitana de Salvador. O paulista Juliano [&hellip;]<\/p>\n","protected":false},"author":2,"featured_media":0,"comment_status":"open","ping_status":"open","sticky":false,"template":"","format":"standard","meta":{"_links_to":"","_links_to_target":""},"categories":[11,29],"tags":[],"_links":{"self":[{"href":"https:\/\/www.r2cpress.com.br\/v1\/wp-json\/wp\/v2\/posts\/95158"}],"collection":[{"href":"https:\/\/www.r2cpress.com.br\/v1\/wp-json\/wp\/v2\/posts"}],"about":[{"href":"https:\/\/www.r2cpress.com.br\/v1\/wp-json\/wp\/v2\/types\/post"}],"author":[{"embeddable":true,"href":"https:\/\/www.r2cpress.com.br\/v1\/wp-json\/wp\/v2\/users\/2"}],"replies":[{"embeddable":true,"href":"https:\/\/www.r2cpress.com.br\/v1\/wp-json\/wp\/v2\/comments?post=95158"}],"version-history":[{"count":2,"href":"https:\/\/www.r2cpress.com.br\/v1\/wp-json\/wp\/v2\/posts\/95158\/revisions"}],"predecessor-version":[{"id":95160,"href":"https:\/\/www.r2cpress.com.br\/v1\/wp-json\/wp\/v2\/posts\/95158\/revisions\/95160"}],"wp:attachment":[{"href":"https:\/\/www.r2cpress.com.br\/v1\/wp-json\/wp\/v2\/media?parent=95158"}],"wp:term":[{"taxonomy":"category","embeddable":true,"href":"https:\/\/www.r2cpress.com.br\/v1\/wp-json\/wp\/v2\/categories?post=95158"},{"taxonomy":"post_tag","embeddable":true,"href":"https:\/\/www.r2cpress.com.br\/v1\/wp-json\/wp\/v2\/tags?post=95158"}],"curies":[{"name":"wp","href":"https:\/\/api.w.org\/{rel}","templated":true}]}}