{"id":95171,"date":"2015-08-17T11:34:22","date_gmt":"2015-08-17T14:34:22","guid":{"rendered":"http:\/\/www.r2cpress.com.br\/v1\/?p=95171"},"modified":"2015-08-17T11:34:22","modified_gmt":"2015-08-17T14:34:22","slug":"observacao-de-planetas-com-uso-telescopios-na-tenda-teatro-popular-de-ilheus","status":"publish","type":"post","link":"https:\/\/www.r2cpress.com.br\/v1\/2015\/08\/17\/observacao-de-planetas-com-uso-telescopios-na-tenda-teatro-popular-de-ilheus\/","title":{"rendered":"OBSERVA\u00c7\u00c3O DE PLANETAS COM USO TELESC\u00d3PIOS NA TENDA TEATRO POPULAR DE ILH\u00c9US"},"content":{"rendered":"<p>Nesta ter\u00e7a-feira (18), das 17h30 \u00e0s 20h, acontece na Tenda Teatro Popular de Ilh\u00e9us o \u201cConto&amp;Cantigas\u201d, projeto desenvolvido em conjunto pelo grupo Teatro Popular de Ilh\u00e9us e o Observat\u00f3rio Astron\u00f4mico da UESC.<\/p>\n<p>Durante o evento, um m\u00fasico e dois atores apresentam, na biblioteca Jorge de Souza Ara\u00fajo (\u00e1rea interna da Tenda), uma hist\u00f3ria que ressalta a beleza do c\u00e9u.<\/p>\n<p>Num segundo momento, acontece a observa\u00e7\u00e3o de planetas, atrav\u00e9s do uso de telesc\u00f3pios do Observat\u00f3rio Astron\u00f4mico.\u00a0 As atividades s\u00e3o gratuitas e com \u00a0classifica\u00e7\u00e3o indicativa livre.<\/p>\n<p><a href=\"https:\/\/www.youtube.com\/watch?v=wAbi4pMABOY\">Confira um v\u00eddeo produzido durante a edi\u00e7\u00e3o anterior do Conto&amp;Cantigas<\/a>.<\/p>\n<p>A Tenda Teatro Popular de Ilh\u00e9us fica localizada na Avenida Soares Lopes, pr\u00f3ximo ao Col\u00e9gio S\u00e3o Jorge. O espa\u00e7o \u00e9 administrado pelo Teatro Popular de Ilh\u00e9us, que neste m\u00eas comemora 20 anos de funda\u00e7\u00e3o.<\/p>\n<p>As atividades s\u00e3o mantidas atrav\u00e9s do Programa de Apoio a Institui\u00e7\u00f5es Culturais de A\u00e7\u00f5es Continuadas do Fundo de Cultura da Bahia. Confira a programa\u00e7\u00e3o completa:\u00a0<a href=\"http:\/\/goo.gl\/raAgxB\">http:\/\/goo.gl\/raAgxB<\/a>.<\/p>\n","protected":false},"excerpt":{"rendered":"<p>Nesta ter\u00e7a-feira (18), das 17h30 \u00e0s 20h, acontece na Tenda Teatro Popular de Ilh\u00e9us o \u201cConto&amp;Cantigas\u201d, projeto desenvolvido em conjunto pelo grupo Teatro Popular de Ilh\u00e9us e o Observat\u00f3rio Astron\u00f4mico da UESC. Durante o evento, um m\u00fasico e dois atores apresentam, na biblioteca Jorge de Souza Ara\u00fajo (\u00e1rea interna da Tenda), uma hist\u00f3ria que ressalta [&hellip;]<\/p>\n","protected":false},"author":2,"featured_media":0,"comment_status":"open","ping_status":"open","sticky":false,"template":"","format":"standard","meta":{"_links_to":"","_links_to_target":""},"categories":[5],"tags":[],"_links":{"self":[{"href":"https:\/\/www.r2cpress.com.br\/v1\/wp-json\/wp\/v2\/posts\/95171"}],"collection":[{"href":"https:\/\/www.r2cpress.com.br\/v1\/wp-json\/wp\/v2\/posts"}],"about":[{"href":"https:\/\/www.r2cpress.com.br\/v1\/wp-json\/wp\/v2\/types\/post"}],"author":[{"embeddable":true,"href":"https:\/\/www.r2cpress.com.br\/v1\/wp-json\/wp\/v2\/users\/2"}],"replies":[{"embeddable":true,"href":"https:\/\/www.r2cpress.com.br\/v1\/wp-json\/wp\/v2\/comments?post=95171"}],"version-history":[{"count":2,"href":"https:\/\/www.r2cpress.com.br\/v1\/wp-json\/wp\/v2\/posts\/95171\/revisions"}],"predecessor-version":[{"id":95173,"href":"https:\/\/www.r2cpress.com.br\/v1\/wp-json\/wp\/v2\/posts\/95171\/revisions\/95173"}],"wp:attachment":[{"href":"https:\/\/www.r2cpress.com.br\/v1\/wp-json\/wp\/v2\/media?parent=95171"}],"wp:term":[{"taxonomy":"category","embeddable":true,"href":"https:\/\/www.r2cpress.com.br\/v1\/wp-json\/wp\/v2\/categories?post=95171"},{"taxonomy":"post_tag","embeddable":true,"href":"https:\/\/www.r2cpress.com.br\/v1\/wp-json\/wp\/v2\/tags?post=95171"}],"curies":[{"name":"wp","href":"https:\/\/api.w.org\/{rel}","templated":true}]}}