{"id":95174,"date":"2015-08-17T11:36:51","date_gmt":"2015-08-17T14:36:51","guid":{"rendered":"http:\/\/www.r2cpress.com.br\/v1\/?p=95174"},"modified":"2015-08-17T11:39:55","modified_gmt":"2015-08-17T14:39:55","slug":"vacina-contra-poliomielite-disponivel-nos-postos-de-saude-de-ilheus","status":"publish","type":"post","link":"https:\/\/www.r2cpress.com.br\/v1\/2015\/08\/17\/vacina-contra-poliomielite-disponivel-nos-postos-de-saude-de-ilheus\/","title":{"rendered":"Vacina contra Poliomielite dispon\u00edvel nos postos de sa\u00fade de Ilh\u00e9us"},"content":{"rendered":"<p><em>Devem ser vacinadas crian\u00e7as de seis meses a menores de cinco anos de idade. As unidades de sa\u00fade do munic\u00edpio est\u00e3o prontas para receber o p\u00fablico alvo da campanha<\/em><\/p>\n<div id=\"attachment_95178\" style=\"width: 560px\" class=\"wp-caption aligncenter\"><a href=\"http:\/\/www.r2cpress.com.br\/v1\/wp-content\/uploads\/2015\/08\/Cartaz-da-Campanha-de-Vacina\u00e7\u00e3o-contra-a-Poliomielite..jpg\"><img aria-describedby=\"caption-attachment-95178\" loading=\"lazy\" class=\"size-full wp-image-95178\" src=\"http:\/\/www.r2cpress.com.br\/v1\/wp-content\/uploads\/2015\/08\/Cartaz-da-Campanha-de-Vacina\u00e7\u00e3o-contra-a-Poliomielite..jpg\" alt=\"Cartaz da Campanha de Vacina\u00e7\u00e3o contra a Poliomielite.\" width=\"550\" height=\"400\" srcset=\"https:\/\/www.r2cpress.com.br\/v1\/wp-content\/uploads\/2015\/08\/Cartaz-da-Campanha-de-Vacina\u00e7\u00e3o-contra-a-Poliomielite..jpg 550w, https:\/\/www.r2cpress.com.br\/v1\/wp-content\/uploads\/2015\/08\/Cartaz-da-Campanha-de-Vacina\u00e7\u00e3o-contra-a-Poliomielite.-300x218.jpg 300w\" sizes=\"(max-width: 550px) 100vw, 550px\" \/><\/a><p id=\"caption-attachment-95178\" class=\"wp-caption-text\">Cartaz da Campanha de Vacina\u00e7\u00e3o contra a Poliomielite.<\/p><\/div>\n<p>J\u00e1 est\u00e3o dispon\u00edveis, nas unidades da rede b\u00e1sica de atendimento de sa\u00fade, as doses das vacinas contra a Poliomielite e outras doen\u00e7as que atingem crian\u00e7as. Em virtude do feriado de Nossa Senhora da Vit\u00f3ria, padroeira de Ilh\u00e9us, ocorrido neste s\u00e1bado, 15, a Secretaria Municipal de Sa\u00fade (Sesau) transferiu para 22 de agosto o Dia de Mobiliza\u00e7\u00e3o. De acordo com a supervisora de Imuniza\u00e7\u00e3o da Sesau, Walk\u00edria Cardeal, o trabalho se estender\u00e1 at\u00e9 31 deste m\u00eas.<\/p>\n<p>Devem ser vacinadas indiscriminadamente crian\u00e7as de seis meses a menores de cinco anos de idade. De acordo com Cardeal, para evitar que os pais se desloquem at\u00e9 o centro para imunizar seus filhos, os seguintes bairros estar\u00e3o com unidades oferecendo as vacinas: Oliven\u00e7a, Nossa Senhora da Vit\u00f3ria, Nelson Costa, Parque Infantil, Iguape, Centro Social Urbano (CSU), Teot\u00f4nio Vilela, Banco da Vit\u00f3ria, Salobrinho, Vila Cachoeira, e tamb\u00e9m na antiga sede do Sesp, na Avenida Canavieiras. A comunidade do Bas\u00edlio deve se dirigir ao Posto Sarah Kubitschek, no Parque Infantil. Os postos funcionam das 8h \u00e0s 17h.<\/p>\n<p>Al\u00e9m da prote\u00e7\u00e3o contra a paralisia infantil, a campanha ser\u00e1 a oportunidade para colocar a vacina\u00e7\u00e3o em dia. Para isso, \u00e9 fundamental que os pais levem a caderneta \u00a0das crian\u00e7as para ser avaliada. As vacinas em atraso podem ser administradas, na hora, pelo profissional de sa\u00fade.<\/p>\n<p><!--more--><\/p>\n<p>Em Ilh\u00e9us, a meta \u00e9 vacinar 12.281 crian\u00e7as na faixa et\u00e1ria de seis meses a menores de cinco anos, tanto contra a poliomielite, quanto \u00e0s outras imuniza\u00e7\u00f5es. \u201cPara atingir a meta, contamos com a aten\u00e7\u00e3o dos pais dessas crian\u00e7as, para que se atentem ao prazo da campanha, ao hor\u00e1rio de funcionamento das unidades e que levem a carteira de vacina\u00e7\u00e3o\u201d, ressalta a supervisora Walk\u00edria Cardeal.<\/p>\n<p><strong>Zona Rural \u2013 <\/strong>Para atender \u00e0 popula\u00e7\u00e3o de localidades distantes do centro, a Secretaria de Sa\u00fade de Ilh\u00e9us disponibilizar\u00e1, a partir desta ter\u00e7a-feira, 18, quatro equipes volantes que visitar\u00e3o localidades rurais at\u00e9 o dia 31 deste m\u00eas.<\/p>\n<p><strong>Campanha<\/strong> \u2013 A Campanha Nacional de Vacina\u00e7\u00e3o contra a Poliomielite, coordenada pelo Minist\u00e9rio da Sa\u00fade, tem o objetivo de vacinar indiscriminadamente crian\u00e7as de seis meses a menores de cinco anos de idade, mantendo, desta forma, elevadas as coberturas vacinais de forma homog\u00eanea em todos os munic\u00edpios, visando evitar a reintrodu\u00e7\u00e3o do v\u00edrus da doen\u00e7a no Pa\u00eds.<\/p>\n<p><strong>Multivacina\u00e7\u00e3o &#8211; <\/strong>Com rela\u00e7\u00e3o \u00e0 Campanha Nacional de Multivacina\u00e7\u00e3o, que tamb\u00e9m tem como grupo alvo as crian\u00e7as menores de cinco anos, a estrat\u00e9gia \u00e9 oferecer v\u00e1rias vacinas ao mesmo tempo. A proposta \u00e9 melhorar a cobertura vacinal da popula\u00e7\u00e3o e otimizar a log\u00edstica dos servi\u00e7os de sa\u00fade.<\/p>\n<p><strong>Secretaria de Comunica\u00e7\u00e3o Social \u2013 Secom.<\/strong><\/p>\n","protected":false},"excerpt":{"rendered":"<p>Devem ser vacinadas crian\u00e7as de seis meses a menores de cinco anos de idade. As unidades de sa\u00fade do munic\u00edpio est\u00e3o prontas para receber o p\u00fablico alvo da campanha J\u00e1 est\u00e3o dispon\u00edveis, nas unidades da rede b\u00e1sica de atendimento de sa\u00fade, as doses das vacinas contra a Poliomielite e outras doen\u00e7as que atingem crian\u00e7as. Em [&hellip;]<\/p>\n","protected":false},"author":2,"featured_media":0,"comment_status":"open","ping_status":"open","sticky":false,"template":"","format":"standard","meta":{"_links_to":"","_links_to_target":""},"categories":[23,24],"tags":[],"_links":{"self":[{"href":"https:\/\/www.r2cpress.com.br\/v1\/wp-json\/wp\/v2\/posts\/95174"}],"collection":[{"href":"https:\/\/www.r2cpress.com.br\/v1\/wp-json\/wp\/v2\/posts"}],"about":[{"href":"https:\/\/www.r2cpress.com.br\/v1\/wp-json\/wp\/v2\/types\/post"}],"author":[{"embeddable":true,"href":"https:\/\/www.r2cpress.com.br\/v1\/wp-json\/wp\/v2\/users\/2"}],"replies":[{"embeddable":true,"href":"https:\/\/www.r2cpress.com.br\/v1\/wp-json\/wp\/v2\/comments?post=95174"}],"version-history":[{"count":4,"href":"https:\/\/www.r2cpress.com.br\/v1\/wp-json\/wp\/v2\/posts\/95174\/revisions"}],"predecessor-version":[{"id":95179,"href":"https:\/\/www.r2cpress.com.br\/v1\/wp-json\/wp\/v2\/posts\/95174\/revisions\/95179"}],"wp:attachment":[{"href":"https:\/\/www.r2cpress.com.br\/v1\/wp-json\/wp\/v2\/media?parent=95174"}],"wp:term":[{"taxonomy":"category","embeddable":true,"href":"https:\/\/www.r2cpress.com.br\/v1\/wp-json\/wp\/v2\/categories?post=95174"},{"taxonomy":"post_tag","embeddable":true,"href":"https:\/\/www.r2cpress.com.br\/v1\/wp-json\/wp\/v2\/tags?post=95174"}],"curies":[{"name":"wp","href":"https:\/\/api.w.org\/{rel}","templated":true}]}}