{"id":95198,"date":"2015-08-18T08:09:10","date_gmt":"2015-08-18T11:09:10","guid":{"rendered":"http:\/\/www.r2cpress.com.br\/v1\/?p=95198"},"modified":"2015-08-18T08:09:10","modified_gmt":"2015-08-18T11:09:10","slug":"nesta-quinta-teatro-popular-de-ilheus-relembra-montagens-no-3-encena","status":"publish","type":"post","link":"https:\/\/www.r2cpress.com.br\/v1\/2015\/08\/18\/nesta-quinta-teatro-popular-de-ilheus-relembra-montagens-no-3-encena\/","title":{"rendered":"NESTA QUINTA: TEATRO POPULAR DE ILH\u00c9US RELEMBRA MONTAGENS NO &#8220;3 ENCENA&#8221;"},"content":{"rendered":"<div>Em comemora\u00e7\u00e3o aos vinte anos de funda\u00e7\u00e3o, o grupo Teatro Popular de Ilh\u00e9us (TPI) apresenta, na pr\u00f3xima quinta-feira (20), \u00e0s 19h, o &#8220;3 Encena&#8221;, na Tenda Teatro Popular de Ilh\u00e9us (localizada na Avenida Soares Lopes).<\/div>\n<div><\/div>\n<div>A proposta \u00e9 que grupos de tr\u00eas atores relembrem, no palco da Tenda, cenas de montagens feitas pelo TPI ao longo desses anos.<\/div>\n<div><\/div>\n<div>Ser\u00e3o relembrados trechos das pe\u00e7as: &#8220;O Fiscal e a Fateira&#8221; (2002); &#8220;Sgnarello, o Corno Imagin\u00e1rio (2002)&#8221;; &#8220;O Quadro&#8221; (2003); &#8220;Os Fuzis da Senhora Carrar&#8221; (2005); &#8220;Vida de Galileu&#8221; (2011); &#8220;O Inspector Geral&#8221; (2011); &#8220;1789 &#8211; \u00d3pera Afro-Rock&#8221; (2013).<\/div>\n<div><\/div>\n<div>A classifica\u00e7\u00e3o indicativa \u00e9 livre e o ingresso individual pode ser adquirido na bilheteria da Tenda ao valor de R$ 10 (inteira) e R$ 5 (meia).<\/div>\n<div><\/div>\n<div><b>Teatro Popular de Ilh\u00e9us<\/b> &#8211; Fundado em 1995, por \u00c9quio Reis, o grupo nasceu com o anseio de dialogar com as comunidades de Ilh\u00e9us, exclu\u00eddas do processo de produ\u00e7\u00e3o e consumo de bens culturais. Suas montagens j\u00e1 circularam pelo Brasil, caindo no gosto da cr\u00edtica especializada.<\/div>\n<div><\/div>\n<div><b>Tenda<\/b> &#8211; Inaugurado h\u00e1 dois anos, o espa\u00e7o \u00e9 administrado pelo Teatro Popular de Ilh\u00e9us. A programa\u00e7\u00e3o (<a href=\"http:\/\/goo.gl\/raAgxB\" target=\"_blank\">http:\/\/goo.gl\/raAgxB<\/a>) \u00e9 mantida atrav\u00e9s do Programa de Apoio a Institui\u00e7\u00f5es Culturais de A\u00e7\u00f5es Continuadas do Fundo de Cultura da Bahia.<\/div>\n","protected":false},"excerpt":{"rendered":"<p>Em comemora\u00e7\u00e3o aos vinte anos de funda\u00e7\u00e3o, o grupo Teatro Popular de Ilh\u00e9us (TPI) apresenta, na pr\u00f3xima quinta-feira (20), \u00e0s 19h, o &#8220;3 Encena&#8221;, na Tenda Teatro Popular de Ilh\u00e9us (localizada na Avenida Soares Lopes). A proposta \u00e9 que grupos de tr\u00eas atores relembrem, no palco da Tenda, cenas de montagens feitas pelo TPI ao [&hellip;]<\/p>\n","protected":false},"author":2,"featured_media":0,"comment_status":"open","ping_status":"open","sticky":false,"template":"","format":"standard","meta":{"_links_to":"","_links_to_target":""},"categories":[5],"tags":[],"_links":{"self":[{"href":"https:\/\/www.r2cpress.com.br\/v1\/wp-json\/wp\/v2\/posts\/95198"}],"collection":[{"href":"https:\/\/www.r2cpress.com.br\/v1\/wp-json\/wp\/v2\/posts"}],"about":[{"href":"https:\/\/www.r2cpress.com.br\/v1\/wp-json\/wp\/v2\/types\/post"}],"author":[{"embeddable":true,"href":"https:\/\/www.r2cpress.com.br\/v1\/wp-json\/wp\/v2\/users\/2"}],"replies":[{"embeddable":true,"href":"https:\/\/www.r2cpress.com.br\/v1\/wp-json\/wp\/v2\/comments?post=95198"}],"version-history":[{"count":1,"href":"https:\/\/www.r2cpress.com.br\/v1\/wp-json\/wp\/v2\/posts\/95198\/revisions"}],"predecessor-version":[{"id":95199,"href":"https:\/\/www.r2cpress.com.br\/v1\/wp-json\/wp\/v2\/posts\/95198\/revisions\/95199"}],"wp:attachment":[{"href":"https:\/\/www.r2cpress.com.br\/v1\/wp-json\/wp\/v2\/media?parent=95198"}],"wp:term":[{"taxonomy":"category","embeddable":true,"href":"https:\/\/www.r2cpress.com.br\/v1\/wp-json\/wp\/v2\/categories?post=95198"},{"taxonomy":"post_tag","embeddable":true,"href":"https:\/\/www.r2cpress.com.br\/v1\/wp-json\/wp\/v2\/tags?post=95198"}],"curies":[{"name":"wp","href":"https:\/\/api.w.org\/{rel}","templated":true}]}}