{"id":95203,"date":"2015-08-18T10:38:40","date_gmt":"2015-08-18T13:38:40","guid":{"rendered":"http:\/\/www.r2cpress.com.br\/v1\/?p=95203"},"modified":"2015-08-18T10:38:40","modified_gmt":"2015-08-18T13:38:40","slug":"ipac-vai-lancar-livro-sobre-terreiros","status":"publish","type":"post","link":"https:\/\/www.r2cpress.com.br\/v1\/2015\/08\/18\/ipac-vai-lancar-livro-sobre-terreiros\/","title":{"rendered":"IPAC vai lan\u00e7ar livro sobre terreiros"},"content":{"rendered":"<p>Terreiros de Candombl\u00e9 de Cachoeira e S\u00e3o F\u00e9lix&#8217; \u00e9 o t\u00edtulo do livro j\u00e1 finalizado pelo Instituto do Patrim\u00f4nio Art\u00edstico e Cultural da Bahia (IPAC) a ser lan\u00e7ado ainda neste segundo semestre de 2015. A publica\u00e7\u00e3o \u00e9 uma adapta\u00e7\u00e3o do &#8216;Dossi\u00ea de Registro Especial&#8217; que o IPAC elaborou para a prote\u00e7\u00e3o oficial de 10 terreiros em Cachoeira e S\u00e3o F\u00e9lix, cidades do Rec\u00f4ncavo baiano, a cerca de 110 km de Salvador.<\/p>\n<p>S\u00e3o 244 p\u00e1ginas, mais de 250 fotos coloridas, mapas, ilustra\u00e7\u00f5es e infogr\u00e1ficos. &#8220;Esses terreiros receberam uma prote\u00e7\u00e3o ainda in\u00e9dita no Brasil que \u00e9 o &#8216;registro especial&#8217; que contempla as condi\u00e7\u00f5es simb\u00f3lico-antropol\u00f3gicas dos terreiros e um &#8216;plano de salvaguarda&#8217; com metas, objetivos, regras e a\u00e7\u00f5es de prote\u00e7\u00e3o a curto, m\u00e9dio e longo prazos&#8221;, afirma Jo\u00e3o Carlos Oliveira, diretor geral do IPAC.<\/p>\n<p><strong>ESPA\u00c7OS SAGRADOS<\/strong><strong>\u00a0&#8211;\u00a0<\/strong>Segundo gerente de Patrim\u00f4nio Imaterial (Geima) do IPAC, Roberto Pellegrino, a prote\u00e7\u00e3o mais usual \u00e9 o tombamento, que prev\u00ea a salvaguarda do espa\u00e7o f\u00edsico. J\u00e1 o registro, al\u00e9m da prote\u00e7\u00e3o da \u00e1rea geogr\u00e1fica, tamb\u00e9m protege aspectos simb\u00f3licos-culturais desses espa\u00e7os sagrados. Foram contemplados os terreiros &#8216;Aganj\u00fa Did\u00ea&#8217; (conhecido como &#8216;Ici Mim\u00f3&#8217;), &#8216;Viva Deus&#8217;, &#8216;Lobanekum&#8217;, &#8216;Lobanekum Filha&#8217;, &#8216;Ogod\u00f3 Dey&#8217;, &#8216;Il\u00ea Ax\u00e9 Itayle&#8217;, &#8216;Humpame Ayono Hunt\u00f3loji&#8217; e &#8216;Dendezeiro Incossi Mukumbi&#8217;, em Cachoeira, al\u00e9m de &#8216;Raiz de Ayr\u00e1&#8217; e &#8216;Ile Ax\u00e9 Ogunj\u00e1&#8217; em S\u00e3o F\u00e9lix.<\/p>\n<p><!--more--><\/p>\n<p>Refer\u00eancia no Brasil por ser um dos mais antigos \u00f3rg\u00e3os do pa\u00eds que exectam pol\u00edticas de prote\u00e7\u00e3o aos bens culturais, o IPAC tem por obriga\u00e7\u00e3o regimental promover a produ\u00e7\u00e3o t\u00e9cnica e cient\u00edfica com a qual trabalha, incluindo livros. Alguns deles, disp\u00f5em de document\u00e1rios em DVD. S\u00e3o destinados a institui\u00e7\u00f5es culturais, universidades, escolas e bibliotecas. Agentes municipais e prefeituras tamb\u00e9m recebem para subsidiar e aprimorar a gest\u00e3o cultural.<\/p>\n<p><strong>DOWNLOADS<\/strong><strong>\u00a0&#8211;\u00a0<\/strong>Os volumes j\u00e1 lan\u00e7ados pelo IPAC est\u00e3o no site <a href=\"http:\/\/www.ipac.ba.gov.br\/\">www.ipac.ba.gov.br<\/a>, na &#8216;aba&#8217; &#8216;Downloads&#8217; e no item &#8216;Cadernos&#8217;. Ou diretamente no link: <a href=\"http:\/\/migre.me\/pt99z\">http:\/\/migre.me\/pt99z<\/a>. O livro dos terreiros s\u00f3 estar\u00e1 no site ap\u00f3s o lan\u00e7amento. Al\u00e9m da novidade do &#8216;registro especial&#8217; para terreiros, a Bahia foi o primeiro estado brasileiro a proteger atrav\u00e9s de decreto estadual e via registro um of\u00edcio, atrav\u00e9s do IPAC, com o Of\u00edcio de Vaqueiros, em 2011.<\/p>\n<p>Informa\u00e7\u00f5es sobre registros de bens culturais intang\u00edveis s\u00e3o obtidas na Geima\/IPAC, via telefone (71) 3116-6741 e endere\u00e7o <a href=\"mailto:geima.ipac@ipac.ba.gov.br\">geima.ipac@ipac.ba.gov.br<\/a>. Para dados sobre os projetos e obras do IPAC, acesse <a href=\"http:\/\/www.ipac.ba.gov.br\/\">www.ipac.ba.gov.br<\/a>, o facebook &#8216;Ipacba Patrim\u00f4nio&#8217; e o twitter &#8216;<a href=\"mailto:?@ipac_ba?.\">@ipac_ba&#8217;.<\/a><\/p>\n","protected":false},"excerpt":{"rendered":"<p>Terreiros de Candombl\u00e9 de Cachoeira e S\u00e3o F\u00e9lix&#8217; \u00e9 o t\u00edtulo do livro j\u00e1 finalizado pelo Instituto do Patrim\u00f4nio Art\u00edstico e Cultural da Bahia (IPAC) a ser lan\u00e7ado ainda neste segundo semestre de 2015. A publica\u00e7\u00e3o \u00e9 uma adapta\u00e7\u00e3o do &#8216;Dossi\u00ea de Registro Especial&#8217; que o IPAC elaborou para a prote\u00e7\u00e3o oficial de 10 terreiros [&hellip;]<\/p>\n","protected":false},"author":2,"featured_media":0,"comment_status":"open","ping_status":"open","sticky":false,"template":"","format":"standard","meta":{"_links_to":"","_links_to_target":""},"categories":[5,29],"tags":[],"_links":{"self":[{"href":"https:\/\/www.r2cpress.com.br\/v1\/wp-json\/wp\/v2\/posts\/95203"}],"collection":[{"href":"https:\/\/www.r2cpress.com.br\/v1\/wp-json\/wp\/v2\/posts"}],"about":[{"href":"https:\/\/www.r2cpress.com.br\/v1\/wp-json\/wp\/v2\/types\/post"}],"author":[{"embeddable":true,"href":"https:\/\/www.r2cpress.com.br\/v1\/wp-json\/wp\/v2\/users\/2"}],"replies":[{"embeddable":true,"href":"https:\/\/www.r2cpress.com.br\/v1\/wp-json\/wp\/v2\/comments?post=95203"}],"version-history":[{"count":2,"href":"https:\/\/www.r2cpress.com.br\/v1\/wp-json\/wp\/v2\/posts\/95203\/revisions"}],"predecessor-version":[{"id":95205,"href":"https:\/\/www.r2cpress.com.br\/v1\/wp-json\/wp\/v2\/posts\/95203\/revisions\/95205"}],"wp:attachment":[{"href":"https:\/\/www.r2cpress.com.br\/v1\/wp-json\/wp\/v2\/media?parent=95203"}],"wp:term":[{"taxonomy":"category","embeddable":true,"href":"https:\/\/www.r2cpress.com.br\/v1\/wp-json\/wp\/v2\/categories?post=95203"},{"taxonomy":"post_tag","embeddable":true,"href":"https:\/\/www.r2cpress.com.br\/v1\/wp-json\/wp\/v2\/tags?post=95203"}],"curies":[{"name":"wp","href":"https:\/\/api.w.org\/{rel}","templated":true}]}}