{"id":95206,"date":"2015-08-18T15:59:32","date_gmt":"2015-08-18T18:59:32","guid":{"rendered":"http:\/\/www.r2cpress.com.br\/v1\/?p=95206"},"modified":"2015-08-18T15:59:32","modified_gmt":"2015-08-18T18:59:32","slug":"remocao-de-bancos-de-areia-na-praia-da-avenida-soares-lopes-em-ilheus-resgata-vista-do-mar","status":"publish","type":"post","link":"https:\/\/www.r2cpress.com.br\/v1\/2015\/08\/18\/remocao-de-bancos-de-areia-na-praia-da-avenida-soares-lopes-em-ilheus-resgata-vista-do-mar\/","title":{"rendered":"Remo\u00e7\u00e3o de bancos de areia na praia da Avenida Soares Lopes, em Ilh\u00e9us, resgata vista do mar"},"content":{"rendered":"<p align=\"center\"><i><span style=\"color: #000000;\">Al\u00e9m da remo\u00e7\u00e3o dos bancos de areia, o trabalho tamb\u00e9m inclui servi\u00e7os de ro\u00e7agem, capinagem e remo\u00e7\u00e3o de detritos<\/span><\/i><\/p>\n<div id=\"attachment_95207\" style=\"width: 560px\" class=\"wp-caption aligncenter\"><a href=\"http:\/\/www.r2cpress.com.br\/v1\/wp-content\/uploads\/2015\/08\/Trabalho-de-limpeza-da-praia-da-Av.jpg\"><img aria-describedby=\"caption-attachment-95207\" loading=\"lazy\" class=\"size-full wp-image-95207\" src=\"http:\/\/www.r2cpress.com.br\/v1\/wp-content\/uploads\/2015\/08\/Trabalho-de-limpeza-da-praia-da-Av.jpg\" alt=\"Trabalho de limpeza da praia da Avenida Soares Lopes.\" width=\"550\" height=\"364\" srcset=\"https:\/\/www.r2cpress.com.br\/v1\/wp-content\/uploads\/2015\/08\/Trabalho-de-limpeza-da-praia-da-Av.jpg 550w, https:\/\/www.r2cpress.com.br\/v1\/wp-content\/uploads\/2015\/08\/Trabalho-de-limpeza-da-praia-da-Av-300x198.jpg 300w\" sizes=\"(max-width: 550px) 100vw, 550px\" \/><\/a><p id=\"caption-attachment-95207\" class=\"wp-caption-text\">Trabalho de limpeza da praia da Avenida Soares Lopes.<\/p><\/div>\n<p><span style=\"color: #000000;\">Uma das reclama\u00e7\u00f5es mais frequentes de quem passeava na Avenida Soares Lopes, um dos principais cart\u00f5es postais da cidade, era a presen\u00e7a de mato alto ao lado do cal\u00e7ad\u00e3o e de v\u00e1rios bancos de areia na praia. Segundo ilheenses e visitantes, essa realidade impedia que as pessoas tivessem uma vis\u00e3o melhor e mais privilegiada do mar. Para solucionar esse problema, a Prefeitura de Ilh\u00e9us, por meio da Secretaria de Servi\u00e7os Urbanos (Secsurb), promove no local limpeza e a remo\u00e7\u00e3o de bancos de areia.<\/span><\/p>\n<p><span style=\"color: #000000;\">O trabalho, que j\u00e1 atinge uma \u00e1rea aproximada de 50 mil metros quadrados, faz parte da Opera\u00e7\u00e3o \u201cIlh\u00e9us em A\u00e7\u00e3o \u2013 Cidade de Todos\u201d, que est\u00e1 sendo realizada nas zonas sul e central de Ilh\u00e9us. Al\u00e9m do uso de m\u00e1quinas pesadas para espalhar a areia, s\u00e3o recolhidos, manualmente, materiais pequenos, como tampas de garrafas e latinhas de cerveja.<\/span><\/p>\n<p><span style=\"color: #000000;\">\u201cEsse era um desejo antigo do prefeito Jabes Ribeiro: devolver \u00e0s pessoas que transitam na Avenida o privil\u00e9gio de contemplar o mar\u201d, comenta o secret\u00e1rio municipal de Servi\u00e7os Urbanos, C\u00e9sar Benevides, acrescentando que, al\u00e9m dos servi\u00e7os de manuten\u00e7\u00e3o, a proposta \u00e9 adquirir equipamentos voltados para combater o crescimento da vegeta\u00e7\u00e3o que existe no local.<\/span><\/p>\n<p><span style=\"color: #000000;\">De acordo com Benevides, a interven\u00e7\u00e3o conta com o apoio de uma patrol e uma retroescavadeira. Segundo ele, o trabalho n\u00e3o visa apenas espalhar a areia que atrapalha a vis\u00e3o do mar, mas tamb\u00e9m retirar o\u00a0\u00a0 lixo e os detritos jogados irresponsavelmente por alguns banhistas. No local, ser\u00e3o constru\u00eddas quadras de esportes e colocados equipamentos para exerc\u00edcios f\u00edsicos.<\/span><\/p>\n<p><span style=\"color: #000000;\"><b>Porto<\/b>\u00a0\u2013 C\u00e9sar Benevides explica que, com a constru\u00e7\u00e3o do Porto do Malhado, o mar recuou e ampliou bastante a faixa de areia na \u00e1rea, formando bancos de areia que impediam uma vis\u00e3o panor\u00e2mica do mar a partir da Avenida. \u201cEsse trabalho realizado aqui na altura da Catedral de S\u00e3o Sebasti\u00e3o ser\u00e1 estendido para outros pontos, para termos de volta essa vis\u00e3o absolutamente privilegiada\u201d, enfatiza o secret\u00e1rio.<\/span><\/p>\n<p><span style=\"color: #000000;\">Benevides acrescenta, ainda, que o servi\u00e7o \u00e9 realizado com a supervis\u00e3o da Secretaria Municipal de Meio Ambiente e Urbanismo (Sema) e n\u00e3o consiste na retirada de areia da praia, mas, sim, em espalh\u00e1-la melhor pela \u00e1rea.\u00a0<\/span><\/p>\n<p><b><span style=\"color: #000000;\">Secretaria de Comunica\u00e7\u00e3o Social \u2013 Secom.<\/span><\/b><\/p>\n","protected":false},"excerpt":{"rendered":"<p>Al\u00e9m da remo\u00e7\u00e3o dos bancos de areia, o trabalho tamb\u00e9m inclui servi\u00e7os de ro\u00e7agem, capinagem e remo\u00e7\u00e3o de detritos Uma das reclama\u00e7\u00f5es mais frequentes de quem passeava na Avenida Soares Lopes, um dos principais cart\u00f5es postais da cidade, era a presen\u00e7a de mato alto ao lado do cal\u00e7ad\u00e3o e de v\u00e1rios bancos de areia na [&hellip;]<\/p>\n","protected":false},"author":2,"featured_media":0,"comment_status":"open","ping_status":"open","sticky":false,"template":"","format":"standard","meta":{"_links_to":"","_links_to_target":""},"categories":[23],"tags":[],"_links":{"self":[{"href":"https:\/\/www.r2cpress.com.br\/v1\/wp-json\/wp\/v2\/posts\/95206"}],"collection":[{"href":"https:\/\/www.r2cpress.com.br\/v1\/wp-json\/wp\/v2\/posts"}],"about":[{"href":"https:\/\/www.r2cpress.com.br\/v1\/wp-json\/wp\/v2\/types\/post"}],"author":[{"embeddable":true,"href":"https:\/\/www.r2cpress.com.br\/v1\/wp-json\/wp\/v2\/users\/2"}],"replies":[{"embeddable":true,"href":"https:\/\/www.r2cpress.com.br\/v1\/wp-json\/wp\/v2\/comments?post=95206"}],"version-history":[{"count":1,"href":"https:\/\/www.r2cpress.com.br\/v1\/wp-json\/wp\/v2\/posts\/95206\/revisions"}],"predecessor-version":[{"id":95208,"href":"https:\/\/www.r2cpress.com.br\/v1\/wp-json\/wp\/v2\/posts\/95206\/revisions\/95208"}],"wp:attachment":[{"href":"https:\/\/www.r2cpress.com.br\/v1\/wp-json\/wp\/v2\/media?parent=95206"}],"wp:term":[{"taxonomy":"category","embeddable":true,"href":"https:\/\/www.r2cpress.com.br\/v1\/wp-json\/wp\/v2\/categories?post=95206"},{"taxonomy":"post_tag","embeddable":true,"href":"https:\/\/www.r2cpress.com.br\/v1\/wp-json\/wp\/v2\/tags?post=95206"}],"curies":[{"name":"wp","href":"https:\/\/api.w.org\/{rel}","templated":true}]}}