{"id":95213,"date":"2015-08-18T20:30:22","date_gmt":"2015-08-18T23:30:22","guid":{"rendered":"http:\/\/www.r2cpress.com.br\/v1\/?p=95213"},"modified":"2015-08-18T20:30:22","modified_gmt":"2015-08-18T23:30:22","slug":"dirigentes-de-luta-olimpica-agradecem-apoio-do-governo-do-estado","status":"publish","type":"post","link":"https:\/\/www.r2cpress.com.br\/v1\/2015\/08\/18\/dirigentes-de-luta-olimpica-agradecem-apoio-do-governo-do-estado\/","title":{"rendered":"Dirigentes de Luta Ol\u00edmpica agradecem apoio do governo do Estado"},"content":{"rendered":"<p>Dirigentes da Confedera\u00e7\u00e3o Brasileira de Lutas Associadas (CBLA) visitaram nesta ter\u00e7a-feira 18, o Secretario do Trabalho, Emprego, Renda e Esporte (Setre), \u00c1lvaro Gomes, para prestar contas e agradecer pelo apoio do Governo do Estado na realiza\u00e7\u00e3o do Campeonato Mundial Junior Wrestling (Luta Ol\u00edmpica), de 11 a 16 deste m\u00eas, no Centro Pan-Americano de Jud\u00f4 (CPJ), em Lauro de Freitas, Regi\u00e3o Metropolitana de Salvador.<\/p>\n<div id=\"attachment_95214\" style=\"width: 560px\" class=\"wp-caption aligncenter\"><a href=\"http:\/\/www.r2cpress.com.br\/v1\/wp-content\/uploads\/2015\/08\/Dirigentes-de-Luta-Ol\u00edmpica-agradecem-apoio-do-governo-do-Estado.jpg\"><img aria-describedby=\"caption-attachment-95214\" loading=\"lazy\" class=\"size-full wp-image-95214\" src=\"http:\/\/www.r2cpress.com.br\/v1\/wp-content\/uploads\/2015\/08\/Dirigentes-de-Luta-Ol\u00edmpica-agradecem-apoio-do-governo-do-Estado.jpg\" alt=\"Dirigentes de Luta Ol\u00edmpica agradecem apoio do governo do Estado.\" width=\"550\" height=\"365\" srcset=\"https:\/\/www.r2cpress.com.br\/v1\/wp-content\/uploads\/2015\/08\/Dirigentes-de-Luta-Ol\u00edmpica-agradecem-apoio-do-governo-do-Estado.jpg 550w, https:\/\/www.r2cpress.com.br\/v1\/wp-content\/uploads\/2015\/08\/Dirigentes-de-Luta-Ol\u00edmpica-agradecem-apoio-do-governo-do-Estado-300x199.jpg 300w\" sizes=\"(max-width: 550px) 100vw, 550px\" \/><\/a><p id=\"caption-attachment-95214\" class=\"wp-caption-text\">Dirigentes de Luta Ol\u00edmpica agradecem apoio do governo do Estado.<\/p><\/div>\n<p>Presidente da CBLA, Pedro Gama Filho destacou o sucesso do evento que recebeu atletas e dirigentes de 63 pa\u00edses e teve o empenho pessoal do secret\u00e1rio \u00c1lvaro Gomes desde o in\u00edcio do ano, quando venceu a disputa para sediar o Mundial, desbancando Laussane, na Su\u00ed\u00e7a; Sofia, na Bulg\u00e1ria; al\u00e9m do Rio de Janeiro, Recife e S\u00e3o Paulo, cidades brasileiras que tamb\u00e9m queriam sediar a competi\u00e7\u00e3o.<\/p>\n<p>&#8211; Toda a infraestrutura oferecida pela Bahia foi decisiva no sucesso do Campeonato Mundial e os pr\u00f3prios dirigentes da Federa\u00e7\u00e3o Internacional United World Wrestling (UWW) ficaram satisfeitos e retornaram elogiando o n\u00edvel t\u00e9cnico e, principalmente, a organiza\u00e7\u00e3o da competi\u00e7\u00e3o. Diretor de marketing da CBLA, Maur\u00edcio Santos apresentou n\u00fameros atestando a import\u00e2ncia do mundial para o desenvolvimento da economia e do turismo durante o per\u00edodo da disputa.<\/p>\n<p><!--more--><\/p>\n<p>\u201cO evento teve 15 horas de transmiss\u00e3o na TVE e 2 horas de transmiss\u00e3o na Sport TV. Foram gerados 200 empregos diretos, a Bahia recebeu 960 turistas exclusivamente para o evento; um total 2.720 di\u00e1rias em hot\u00e9is, 667 di\u00e1rias de \u00f4nibus e vans.\u00a0Bares e restaurantes tiveram um movimento com m\u00e9dia de gastos de R$ 120.00\/dia por pessoa, al\u00e9m da compra de 330\u00a0kits de materiais esportivos\u201d, relacionou.<\/p>\n<p>O Mundial J\u00fanior Wrestling colocou a Bahia, de vez, na rota dos grandes eventos esportivos. \u201cA estrutura oferecida pelo Governo do Estado foi fant\u00e1stica e todos est\u00e3o de parab\u00e9ns. Os m\u00e9ritos em especial s\u00e3o para o secret\u00e1rio \u00c1lvaro Gomes que, desde o in\u00edcio apostou no evento e foi \u00e0 Pol\u00f4nia brigar para que ele acontecesse aqui em Salvador\u201d, destacou Maur\u00edcio Santos.<\/p>\n<p>No final do encontro o presidente Pedro Gama Filho entregou ao secret\u00e1rio \u00c1lvaro Gomes um kit do mundial com destaque para uma medalha de ouro e brincou. \u201cEsta \u00e9 a \u00fanica medalha ganha por um brasileiro nesta competi\u00e7\u00e3o. \u00c9 uma medalha mais do que merecida porque a organiza\u00e7\u00e3o do evento foi realmente campe\u00e3\u201d, avaliou.<\/p>\n<p>Secret\u00e1rio \u00c1lvaro Gomes agradeceu a homenagem e disse que estava muito feliz e avisou que seu objetivo \u00e9 realmente colocar a Bahia no cen\u00e1rio dos grandes eventos internacionais. Prometeu que vai fazer esfor\u00e7os para realizar aqui, o Campeonato Brasileiro e tamb\u00e9m o Campeonato Mundial S\u00eanior de Wrestling (Luta Ol\u00edmpica).<\/p>\n<p>Titular da Setre lembrou, tamb\u00e9m, o sucesso do Projeto Lota\u00e7\u00e3o Esgotada que envolveu 7.200 alunos de 37 escolas p\u00fablicas de Salvador e Lauro de Freitas, que tiveram a oportunidade de conhecer mais sobre o Wrestling (luta ol\u00edmpica) atrav\u00e9s de \u201coficinas\u201d promovidas durante o mundial e que no s\u00e1bado e domingo puderam assistir de perto as lutas realizadas no CPJ.<\/p>\n<p>\u201cEsses garotos que participaram das cl\u00ednicas e acompanharam as lutas, com certeza tiveram uma experi\u00eancia marcante em suas vidas. Porque o esporte transforma, ajuda no aprendizado e tamb\u00e9m pode ser usado como ferramenta de inclus\u00e3o social e fator de desenvolvimento humano\u201d, salientou.<\/p>\n<p>Participaram tamb\u00e9m do encontro, a diretora geral da Setre, Nair Prazeres; Diretor Geral da Sudesb, Elias Dourado; Roberto Leit\u00e3o, diretor da Confedera\u00e7\u00e3o Brasileira de Lutas Associadas (CBLA);\u00a0\u00a0Rodrigo Valentim\u00a0e Rodrigo Barreto da WH Sport.<\/p>\n","protected":false},"excerpt":{"rendered":"<p>Dirigentes da Confedera\u00e7\u00e3o Brasileira de Lutas Associadas (CBLA) visitaram nesta ter\u00e7a-feira 18, o Secretario do Trabalho, Emprego, Renda e Esporte (Setre), \u00c1lvaro Gomes, para prestar contas e agradecer pelo apoio do Governo do Estado na realiza\u00e7\u00e3o do Campeonato Mundial Junior Wrestling (Luta Ol\u00edmpica), de 11 a 16 deste m\u00eas, no Centro Pan-Americano de Jud\u00f4 (CPJ), [&hellip;]<\/p>\n","protected":false},"author":2,"featured_media":0,"comment_status":"open","ping_status":"open","sticky":false,"template":"","format":"standard","meta":{"_links_to":"","_links_to_target":""},"categories":[11,29],"tags":[],"_links":{"self":[{"href":"https:\/\/www.r2cpress.com.br\/v1\/wp-json\/wp\/v2\/posts\/95213"}],"collection":[{"href":"https:\/\/www.r2cpress.com.br\/v1\/wp-json\/wp\/v2\/posts"}],"about":[{"href":"https:\/\/www.r2cpress.com.br\/v1\/wp-json\/wp\/v2\/types\/post"}],"author":[{"embeddable":true,"href":"https:\/\/www.r2cpress.com.br\/v1\/wp-json\/wp\/v2\/users\/2"}],"replies":[{"embeddable":true,"href":"https:\/\/www.r2cpress.com.br\/v1\/wp-json\/wp\/v2\/comments?post=95213"}],"version-history":[{"count":2,"href":"https:\/\/www.r2cpress.com.br\/v1\/wp-json\/wp\/v2\/posts\/95213\/revisions"}],"predecessor-version":[{"id":95216,"href":"https:\/\/www.r2cpress.com.br\/v1\/wp-json\/wp\/v2\/posts\/95213\/revisions\/95216"}],"wp:attachment":[{"href":"https:\/\/www.r2cpress.com.br\/v1\/wp-json\/wp\/v2\/media?parent=95213"}],"wp:term":[{"taxonomy":"category","embeddable":true,"href":"https:\/\/www.r2cpress.com.br\/v1\/wp-json\/wp\/v2\/categories?post=95213"},{"taxonomy":"post_tag","embeddable":true,"href":"https:\/\/www.r2cpress.com.br\/v1\/wp-json\/wp\/v2\/tags?post=95213"}],"curies":[{"name":"wp","href":"https:\/\/api.w.org\/{rel}","templated":true}]}}