{"id":95239,"date":"2015-08-19T11:41:33","date_gmt":"2015-08-19T14:41:33","guid":{"rendered":"http:\/\/www.r2cpress.com.br\/v1\/?p=95239"},"modified":"2015-08-19T11:41:33","modified_gmt":"2015-08-19T14:41:33","slug":"empossados-novos-conselheiros-de-cultura-de-ilheus","status":"publish","type":"post","link":"https:\/\/www.r2cpress.com.br\/v1\/2015\/08\/19\/empossados-novos-conselheiros-de-cultura-de-ilheus\/","title":{"rendered":"Empossados novos Conselheiros de Cultura de Ilh\u00e9us"},"content":{"rendered":"<p><em>Em cerim\u00f4nia que contou com a participa\u00e7\u00e3o do vice-prefeito Cac\u00e1, do secret\u00e1rio de cultura, Paulo Atto, e de representantes dos governos estadual e federal, a nova diretoria assumiu o mandato para o bi\u00eanio 2015-2017<\/em><\/p>\n<p>Os novos conselheiros municipais de cultura foram empossados em cerim\u00f4nia realizada na \u00faltima segunda-feira, 17, na Academia de Letras de Ilh\u00e9us. Os novos integrantes CMC v\u00e3o exercer mandato por dois anos, sob a presid\u00eancia de Gilsonei Rodrigues, que substitui Pawlo Cidade na fun\u00e7\u00e3o. O ato contou com a participa\u00e7\u00e3o do vice-prefeito, Carlos Machado (Cac\u00e1), representantes do Minist\u00e9rio da Cultura e da Secretaria de Cultura da Bahia.<\/p>\n<p>Na ocasi\u00e3o, os membros da sociedade civil foram empossados nas diversas c\u00e2maras setoriais. Durante seu pronunciamento, o presidente Gilsonei Rodrigues explicou que a meta do colegiado ser\u00e1 intensificar a constru\u00e7\u00e3o dos regimentos internos das \u00e1reas tem\u00e1ticas. O secret\u00e1rio de Cultura do Munic\u00edpio, Paulo Atto, destacou a import\u00e2ncia do trabalho em conjunto da Secult com o Conselho na elabora\u00e7\u00e3o de pol\u00edticas p\u00fablicas para o setor, sobretudo o Plano de A\u00e7\u00f5es, que resultou em diversos programas de fomento aos artistas locais.<\/p>\n<p>Entre as autoridades presentes, esteve o superintendente de Desenvolvimento da Cultura, Sandro Magalh\u00e3es, o representante do Minist\u00e9rio da Cultura na Bahia e Sergipe, Carlos Henrique Chenaud, o presidente do Conselho Estadual de Cultura da Bahia, M\u00e1rcio \u00c2ngelo Ribeiro, o diretor de Espa\u00e7os Culturais da Secult-Bahia, Romualdo Lisboa, o secret\u00e1rio municipal de Rela\u00e7\u00f5es Institucionais, Frederico V\u00e9sper, o diretor do Centro de Documenta\u00e7\u00e3o Regional\/CEDOC\/UESC, Andr\u00e9 Rosa e o membro do Conselho Estadual de Cultura (CEC\/BA), Pawlo Cidade.<\/p>\n<p>O ex-presidente do CMC e membro do Conselho Estadual de Cultura, Pawlo Cidade, ressaltou que \u00e9 de suma import\u00e2ncia que esse colegiado se mantenha ativo e envolvido nas decis\u00f5es dos planejamentos estrat\u00e9gicos dos \u00f3rg\u00e3os da \u00e1rea. Ao fim da cerim\u00f4nia, os presentes assistiram \u00e0 performance cultural de Janete Lainha, cordelista ilheense.<\/p>\n<p><strong>Presen\u00e7a &#8211;<\/strong> Estiveram presentes tamb\u00e9m o Gestor do Festival Internacional do Chocolate, Marco Lessa, o Presidente do Conselho Municipal de Educa\u00e7\u00e3o, Odilon Neto, o Presidente do F\u00f3rum de Agentes e Empreendedores Culturais do Litoral Sul\/FAEGSUL, Letto Nicolau, a Presidente do Instituto Nossa Ilh\u00e9us, Maria do Socorro Mendon\u00e7a, entre outros.<\/p>\n","protected":false},"excerpt":{"rendered":"<p>Em cerim\u00f4nia que contou com a participa\u00e7\u00e3o do vice-prefeito Cac\u00e1, do secret\u00e1rio de cultura, Paulo Atto, e de representantes dos governos estadual e federal, a nova diretoria assumiu o mandato para o bi\u00eanio 2015-2017 Os novos conselheiros municipais de cultura foram empossados em cerim\u00f4nia realizada na \u00faltima segunda-feira, 17, na Academia de Letras de Ilh\u00e9us. [&hellip;]<\/p>\n","protected":false},"author":2,"featured_media":0,"comment_status":"open","ping_status":"open","sticky":false,"template":"","format":"standard","meta":{"_links_to":"","_links_to_target":""},"categories":[5,23],"tags":[],"_links":{"self":[{"href":"https:\/\/www.r2cpress.com.br\/v1\/wp-json\/wp\/v2\/posts\/95239"}],"collection":[{"href":"https:\/\/www.r2cpress.com.br\/v1\/wp-json\/wp\/v2\/posts"}],"about":[{"href":"https:\/\/www.r2cpress.com.br\/v1\/wp-json\/wp\/v2\/types\/post"}],"author":[{"embeddable":true,"href":"https:\/\/www.r2cpress.com.br\/v1\/wp-json\/wp\/v2\/users\/2"}],"replies":[{"embeddable":true,"href":"https:\/\/www.r2cpress.com.br\/v1\/wp-json\/wp\/v2\/comments?post=95239"}],"version-history":[{"count":2,"href":"https:\/\/www.r2cpress.com.br\/v1\/wp-json\/wp\/v2\/posts\/95239\/revisions"}],"predecessor-version":[{"id":95241,"href":"https:\/\/www.r2cpress.com.br\/v1\/wp-json\/wp\/v2\/posts\/95239\/revisions\/95241"}],"wp:attachment":[{"href":"https:\/\/www.r2cpress.com.br\/v1\/wp-json\/wp\/v2\/media?parent=95239"}],"wp:term":[{"taxonomy":"category","embeddable":true,"href":"https:\/\/www.r2cpress.com.br\/v1\/wp-json\/wp\/v2\/categories?post=95239"},{"taxonomy":"post_tag","embeddable":true,"href":"https:\/\/www.r2cpress.com.br\/v1\/wp-json\/wp\/v2\/tags?post=95239"}],"curies":[{"name":"wp","href":"https:\/\/api.w.org\/{rel}","templated":true}]}}