{"id":95251,"date":"2015-08-19T17:12:10","date_gmt":"2015-08-19T20:12:10","guid":{"rendered":"http:\/\/www.r2cpress.com.br\/v1\/?p=95251"},"modified":"2015-08-19T17:12:10","modified_gmt":"2015-08-19T20:12:10","slug":"sinalizacao-de-transito-e-revitalizada-em-pontos-de-ilheus","status":"publish","type":"post","link":"https:\/\/www.r2cpress.com.br\/v1\/2015\/08\/19\/sinalizacao-de-transito-e-revitalizada-em-pontos-de-ilheus\/","title":{"rendered":"Sinaliza\u00e7\u00e3o de tr\u00e2nsito \u00e9 revitalizada em pontos de Ilh\u00e9us"},"content":{"rendered":"<p>Tanto as placas, quanto as pinturas nas vias est\u00e3o sendo revitalizadas, com vistas a contribuir para a melhora do tr\u00e2nsito na cidade<\/p>\n<p> <div id=\"attachment_95252\" style=\"width: 560px\" class=\"wp-caption aligncenter\"><a href=\"http:\/\/www.r2cpress.com.br\/v1\/wp-content\/uploads\/2015\/08\/Sinaliza\u00e7\u00e3o-recomposta-na-Pra\u00e7a-Cair\u00fa-centro-de-Ilh\u00e9us-Foto-Alfredo-Filho-Secom-Ilh\u00e9us-1.jpg\"><img aria-describedby=\"caption-attachment-95252\" loading=\"lazy\" src=\"http:\/\/www.r2cpress.com.br\/v1\/wp-content\/uploads\/2015\/08\/Sinaliza\u00e7\u00e3o-recomposta-na-Pra\u00e7a-Cair\u00fa-centro-de-Ilh\u00e9us-Foto-Alfredo-Filho-Secom-Ilh\u00e9us-1.jpg\" alt=\"Sinaliza\u00e7\u00e3o recomposta na Pra\u00e7a Cair\u00fa, centro de Ilh\u00e9us - Foto Alfredo Filho Secom Ilh\u00e9us.\" width=\"550\" height=\"367\" class=\"size-full wp-image-95252\" srcset=\"https:\/\/www.r2cpress.com.br\/v1\/wp-content\/uploads\/2015\/08\/Sinaliza\u00e7\u00e3o-recomposta-na-Pra\u00e7a-Cair\u00fa-centro-de-Ilh\u00e9us-Foto-Alfredo-Filho-Secom-Ilh\u00e9us-1.jpg 550w, https:\/\/www.r2cpress.com.br\/v1\/wp-content\/uploads\/2015\/08\/Sinaliza\u00e7\u00e3o-recomposta-na-Pra\u00e7a-Cair\u00fa-centro-de-Ilh\u00e9us-Foto-Alfredo-Filho-Secom-Ilh\u00e9us-1-300x200.jpg 300w\" sizes=\"(max-width: 550px) 100vw, 550px\" \/><\/a><p id=\"caption-attachment-95252\" class=\"wp-caption-text\">Sinaliza\u00e7\u00e3o recomposta na Pra\u00e7a Cair\u00fa, centro de Ilh\u00e9us &#8211; Foto Alfredo Filho Secom Ilh\u00e9us.<\/p><\/div> Cumprindo o que prev\u00ea o C\u00f3digo de Tr\u00e2nsito Brasileiro (CTB), a Superintend\u00eancia de Transporte e Tr\u00e2nsito (Sutran) de Ilh\u00e9us, vinculada \u00e0 Secretaria de Infraestrutura (Seintra), realiza servi\u00e7os de revitaliza\u00e7\u00e3o da sinaliza\u00e7\u00e3o horizontal (faixas de pedestres), que se deteriora com o passar do tempo ou que foram sobrepostas com o trabalho de recapeamento asf\u00e1ltico executado pelo munic\u00edpio. <\/p>\n<p>Os servi\u00e7os j\u00e1 foram feitos nas proximidades do terminal rodovi\u00e1rio, da Pra\u00e7a Cair\u00fa, no Centro, e na Avenida Itabuna, por exemplo. De acordo com o superintendente de Tr\u00e2nsito, Isaac Vinhas, foi feito um mapeamento para identificar placas que sofreram desgaste do tempo ou foram derrubadas intencionalmente, para que fosse feita a reposi\u00e7\u00e3o.<\/p>\n<p>Para Vinhas, \u201cuma cidade bem sinalizada disciplina o tr\u00e2nsito e traz seguran\u00e7a, principalmente para os condutores e pedestres, al\u00e9m de transmitir um visual agrad\u00e1vel. Isso mostra compromisso do governo tamb\u00e9m com essa \u00e1rea\u201d. Al\u00e9m dessa a\u00e7\u00e3o, a Sutran, por determina\u00e7\u00e3o do prefeito Jabes Ribeiro, iniciou, nos \u00faltimos dias, o trabalho de reposi\u00e7\u00e3o e implanta\u00e7\u00e3o de novas placas de sinaliza\u00e7\u00e3o vertical, tanto de advert\u00eancia, como as de regulamenta\u00e7\u00e3o, nas principais vias da cidade.<\/p>\n<p>&#8212;<br \/>\nSecretaria de Comunica\u00e7\u00e3o Social \u2013 Secom.<\/p>\n","protected":false},"excerpt":{"rendered":"<p>Tanto as placas, quanto as pinturas nas vias est\u00e3o sendo revitalizadas, com vistas a contribuir para a melhora do tr\u00e2nsito na cidade Cumprindo o que prev\u00ea o C\u00f3digo de Tr\u00e2nsito Brasileiro (CTB), a Superintend\u00eancia de Transporte e Tr\u00e2nsito (Sutran) de Ilh\u00e9us, vinculada \u00e0 Secretaria de Infraestrutura (Seintra), realiza servi\u00e7os de revitaliza\u00e7\u00e3o da sinaliza\u00e7\u00e3o horizontal (faixas [&hellip;]<\/p>\n","protected":false},"author":2,"featured_media":0,"comment_status":"open","ping_status":"open","sticky":false,"template":"","format":"standard","meta":{"_links_to":"","_links_to_target":""},"categories":[23],"tags":[],"_links":{"self":[{"href":"https:\/\/www.r2cpress.com.br\/v1\/wp-json\/wp\/v2\/posts\/95251"}],"collection":[{"href":"https:\/\/www.r2cpress.com.br\/v1\/wp-json\/wp\/v2\/posts"}],"about":[{"href":"https:\/\/www.r2cpress.com.br\/v1\/wp-json\/wp\/v2\/types\/post"}],"author":[{"embeddable":true,"href":"https:\/\/www.r2cpress.com.br\/v1\/wp-json\/wp\/v2\/users\/2"}],"replies":[{"embeddable":true,"href":"https:\/\/www.r2cpress.com.br\/v1\/wp-json\/wp\/v2\/comments?post=95251"}],"version-history":[{"count":2,"href":"https:\/\/www.r2cpress.com.br\/v1\/wp-json\/wp\/v2\/posts\/95251\/revisions"}],"predecessor-version":[{"id":95254,"href":"https:\/\/www.r2cpress.com.br\/v1\/wp-json\/wp\/v2\/posts\/95251\/revisions\/95254"}],"wp:attachment":[{"href":"https:\/\/www.r2cpress.com.br\/v1\/wp-json\/wp\/v2\/media?parent=95251"}],"wp:term":[{"taxonomy":"category","embeddable":true,"href":"https:\/\/www.r2cpress.com.br\/v1\/wp-json\/wp\/v2\/categories?post=95251"},{"taxonomy":"post_tag","embeddable":true,"href":"https:\/\/www.r2cpress.com.br\/v1\/wp-json\/wp\/v2\/tags?post=95251"}],"curies":[{"name":"wp","href":"https:\/\/api.w.org\/{rel}","templated":true}]}}