{"id":95257,"date":"2015-08-20T08:09:33","date_gmt":"2015-08-20T11:09:33","guid":{"rendered":"http:\/\/www.r2cpress.com.br\/v1\/?p=95257"},"modified":"2015-08-20T08:09:33","modified_gmt":"2015-08-20T11:09:33","slug":"diabetico-tem-que-controlar-e-nao-ser-controlado-pelo-diabetes","status":"publish","type":"post","link":"https:\/\/www.r2cpress.com.br\/v1\/2015\/08\/20\/diabetico-tem-que-controlar-e-nao-ser-controlado-pelo-diabetes\/","title":{"rendered":"Diab\u00e9tico tem que controlar, e n\u00e3o ser controlado pelo diabetes"},"content":{"rendered":"<div id=\"attachment_95258\" style=\"width: 343px\" class=\"wp-caption alignright\"><a href=\"http:\/\/www.r2cpress.com.br\/v1\/wp-content\/uploads\/2015\/08\/Dra.-Marluce-Le\u00e3o__m\u00e9dica-presidente-da-ASDITA..jpg\"><img aria-describedby=\"caption-attachment-95258\" loading=\"lazy\" class=\"size-full wp-image-95258\" src=\"http:\/\/www.r2cpress.com.br\/v1\/wp-content\/uploads\/2015\/08\/Dra.-Marluce-Le\u00e3o__m\u00e9dica-presidente-da-ASDITA..jpg\" alt=\"Dra. Marluce Le\u00e3o, m\u00e9dica-presidente da ASDITA.\" width=\"333\" height=\"261\" srcset=\"https:\/\/www.r2cpress.com.br\/v1\/wp-content\/uploads\/2015\/08\/Dra.-Marluce-Le\u00e3o__m\u00e9dica-presidente-da-ASDITA..jpg 333w, https:\/\/www.r2cpress.com.br\/v1\/wp-content\/uploads\/2015\/08\/Dra.-Marluce-Le\u00e3o__m\u00e9dica-presidente-da-ASDITA.-300x235.jpg 300w\" sizes=\"(max-width: 333px) 100vw, 333px\" \/><\/a><p id=\"caption-attachment-95258\" class=\"wp-caption-text\">Dra. Marluce Le\u00e3o, m\u00e9dica-presidente da ASDITA.<\/p><\/div>\n<p>A ASDITA \u2013 Associa\u00e7\u00e3o dos Diab\u00e9ticos de Itabuna \u2013 vai realizar o IV Encontro de Diab\u00e9ticos e Familiares. Ser\u00e1 no s\u00e1bado, 29\/08\/2015, das 8h00 \u00e0s 13h00, em sua sede na Isolina Magalh\u00e3es s\/n, rua que sai do Jardim do \u00d3, passa pelo Centro de Cultura Adonias Filho e logo do outro lado alcan\u00e7a a casa (antigo Lact\u00e1rio) onde fica a ASDITA.<\/p>\n<p>Tendo como guarda-chuva o tema \u201cOu voc\u00ea controla o diabetes ou o diabetes controla voc\u00ea\u201d, o evento contar\u00e1 com a presen\u00e7a de m\u00e9dicos, psic\u00f3logos, nutricionistas, enfermeiros e educadores f\u00edsicos esclarecendo tudo sobre:<\/p>\n<ul>\n<li>Controle de Gorduras<\/li>\n<li>Sele\u00e7\u00e3o de Prote\u00ednas<\/li>\n<li>Pode\/N\u00e3o Pode: Ado\u00e7antes, Sal, Ervas, Fibras, \u00c1lcool<\/li>\n<li>Mitos dos Hidratos de Carbono (Carboidratos)<\/li>\n<li>Variabilidade e Controle de Glicemias<\/li>\n<li>Tratamentos, Alimenta\u00e7\u00e3o Saud\u00e1vel e Atividade F\u00edsica<\/li>\n<\/ul>\n<p>O encontro \u00e9 dirigido a diab\u00e9ticos, seus familiares, cuidadores, profissionais de sa\u00fade. A inscri\u00e7\u00e3o \u00e9 gratuita. Pede-se apenas que o participante contribua doando \u2013 a seu crit\u00e9rio e na quantidade que puder \u2013 produtos de consumo indispens\u00e1veis para a associa\u00e7\u00e3o, como por exemplo: seringa de insulina, material para curativo (gaze, atadura, esparadrapo, algod\u00e3o), \u00e1lcool, papel-toalha, copos descart\u00e1veis, material de higiene e limpeza.<\/p>\n<p>O interessado pode se inscrever na pr\u00f3pria sede da ASDITA, de segunda a sexta-feira, das 8h00 \u00e0s 14h00, ou mesmo no s\u00e1bado (29) at\u00e9 meia hora antes do in\u00edcio do curso. Mais informa\u00e7\u00f5es pelo telefone 3212-3341.<\/p>\n","protected":false},"excerpt":{"rendered":"<p>A ASDITA \u2013 Associa\u00e7\u00e3o dos Diab\u00e9ticos de Itabuna \u2013 vai realizar o IV Encontro de Diab\u00e9ticos e Familiares. Ser\u00e1 no s\u00e1bado, 29\/08\/2015, das 8h00 \u00e0s 13h00, em sua sede na Isolina Magalh\u00e3es s\/n, rua que sai do Jardim do \u00d3, passa pelo Centro de Cultura Adonias Filho e logo do outro lado alcan\u00e7a a casa [&hellip;]<\/p>\n","protected":false},"author":2,"featured_media":0,"comment_status":"open","ping_status":"open","sticky":false,"template":"","format":"standard","meta":{"_links_to":"","_links_to_target":""},"categories":[15,24],"tags":[],"_links":{"self":[{"href":"https:\/\/www.r2cpress.com.br\/v1\/wp-json\/wp\/v2\/posts\/95257"}],"collection":[{"href":"https:\/\/www.r2cpress.com.br\/v1\/wp-json\/wp\/v2\/posts"}],"about":[{"href":"https:\/\/www.r2cpress.com.br\/v1\/wp-json\/wp\/v2\/types\/post"}],"author":[{"embeddable":true,"href":"https:\/\/www.r2cpress.com.br\/v1\/wp-json\/wp\/v2\/users\/2"}],"replies":[{"embeddable":true,"href":"https:\/\/www.r2cpress.com.br\/v1\/wp-json\/wp\/v2\/comments?post=95257"}],"version-history":[{"count":1,"href":"https:\/\/www.r2cpress.com.br\/v1\/wp-json\/wp\/v2\/posts\/95257\/revisions"}],"predecessor-version":[{"id":95259,"href":"https:\/\/www.r2cpress.com.br\/v1\/wp-json\/wp\/v2\/posts\/95257\/revisions\/95259"}],"wp:attachment":[{"href":"https:\/\/www.r2cpress.com.br\/v1\/wp-json\/wp\/v2\/media?parent=95257"}],"wp:term":[{"taxonomy":"category","embeddable":true,"href":"https:\/\/www.r2cpress.com.br\/v1\/wp-json\/wp\/v2\/categories?post=95257"},{"taxonomy":"post_tag","embeddable":true,"href":"https:\/\/www.r2cpress.com.br\/v1\/wp-json\/wp\/v2\/tags?post=95257"}],"curies":[{"name":"wp","href":"https:\/\/api.w.org\/{rel}","templated":true}]}}