{"id":95275,"date":"2015-08-20T10:59:10","date_gmt":"2015-08-20T13:59:10","guid":{"rendered":"http:\/\/www.r2cpress.com.br\/v1\/?p=95275"},"modified":"2015-08-20T10:59:10","modified_gmt":"2015-08-20T13:59:10","slug":"exercito-brasileiro-2","status":"publish","type":"post","link":"https:\/\/www.r2cpress.com.br\/v1\/2015\/08\/20\/exercito-brasileiro-2\/","title":{"rendered":"EX\u00c9RCITO BRASILEIRO"},"content":{"rendered":"<p style=\"text-align: center;\"><strong>MINIST\u00c9RIO DA DEFESA<\/strong><\/p>\n<p style=\"text-align: center;\"><strong>EX\u00c9RCITO BRASILEIRO<\/strong><\/p>\n<p style=\"text-align: center;\"><strong>C M NE\u00a0\u00a0\u00a0\u00a0\u00a0\u00a0\u00a0\u00a0\u00a0\u00a0 &#8211;\u00a0\u00a0\u00a0\u00a0\u00a0\u00a0\u00a0\u00a0\u00a0\u00a0 6\u00aa RM<\/strong><\/p>\n<p style=\"text-align: center;\"><strong>18\u00aa CIRCUNSCRI\u00c7\u00c3O DE SERVI\u00c7O MILITAR<\/strong><\/p>\n<p><strong>\u00a0<\/strong><\/p>\n<h1 style=\"text-align: center;\"><span style=\"color: #000000;\"><strong>\u00a0<\/strong><strong>Dia do Soldado<\/strong><\/span><\/h1>\n<p>O Ex\u00e9rcito Brasileiro comemora no dia 25 de agosto o anivers\u00e1rio de seu Patrono, Marechal Luis Alves de Lima e Silva, o Duque de Caxias. Como homenagem ao grande her\u00f3i nacional, essa data ficou estabelecida como o \u201cDia do Soldado\u201d.<\/p>\n<p>Como parte das comemora\u00e7\u00f5es dessa data, a 18\u00aa Circunscri\u00e7\u00e3o de Servi\u00e7o Militar (18\u00aa CSM), Organiza\u00e7\u00e3o Militar representante da For\u00e7a Terrestre na regi\u00e3o sul da Bahia, realizar\u00e1 uma f<strong>ormatura alusiva as Dia do Soldado \u00e0s 9 horas do dia 25 de agosto e uma exposi\u00e7\u00e3o de materiais para estudantes em suas instala\u00e7\u00f5es durante a semana de 24 a 27 de agosto do corrente ano.<\/strong><\/p>\n<p>Em meio s\u00e9culo de assinalados servi\u00e7os, coincidindo com um per\u00edodo cr\u00edtico para a afirma\u00e7\u00e3o da nossa nacionalidade, Caxias interpretou com invulgar lucidez a realidade de sua \u00e9poca e vislumbrou um futuro grandioso para o Brasil.<\/p>\n<p>Lutou pela consolida\u00e7\u00e3o da independ\u00eancia, pacificou prov\u00edncias conflagradas e conduziu as armas nacionais \u00e0 vit\u00f3ria nos conflitos da Bacia do Prata.<\/p>\n<p>T\u00e3o importantes quanto a efic\u00e1cia de suas a\u00e7\u00f5es militares foram a firmeza com que enfrentou os desafios e a generosidade dispensada aos advers\u00e1rios vencidos nos campos de batalha. Restabeleceu o imp\u00e9rio da ordem, preservou as institui\u00e7\u00f5es, recomp\u00f4s a coes\u00e3o nacional e salvou a unidade da P\u00e1tria. Da\u00ed ter passado \u00e0 Hist\u00f3ria com o cognome de &#8221; O Pacificador&#8221;.<\/p>\n<p>&#8212;<\/p>\n<p><strong>Informa\u00e7\u00f5es<\/strong>:<\/p>\n<p>Se\u00e7\u00e3o de Comunica\u00e7\u00e3o Social da 18\u00aa CSM<\/p>\n<p><strong>Telefone<\/strong>: (73) 3634-4826<\/p>\n<p><strong>E<\/strong>&#8211;<strong>mail<\/strong>: comsoc18csm@gmail.com<\/p>\n<p>&nbsp;<\/p>\n","protected":false},"excerpt":{"rendered":"<p>MINIST\u00c9RIO DA DEFESA EX\u00c9RCITO BRASILEIRO C M NE\u00a0\u00a0\u00a0\u00a0\u00a0\u00a0\u00a0\u00a0\u00a0\u00a0 &#8211;\u00a0\u00a0\u00a0\u00a0\u00a0\u00a0\u00a0\u00a0\u00a0\u00a0 6\u00aa RM 18\u00aa CIRCUNSCRI\u00c7\u00c3O DE SERVI\u00c7O MILITAR \u00a0 \u00a0Dia do Soldado O Ex\u00e9rcito Brasileiro comemora no dia 25 de agosto o anivers\u00e1rio de seu Patrono, Marechal Luis Alves de Lima e Silva, o Duque de Caxias. Como homenagem ao grande her\u00f3i nacional, essa data ficou estabelecida [&hellip;]<\/p>\n","protected":false},"author":2,"featured_media":0,"comment_status":"open","ping_status":"open","sticky":false,"template":"","format":"standard","meta":{"_links_to":"","_links_to_target":""},"categories":[18],"tags":[],"_links":{"self":[{"href":"https:\/\/www.r2cpress.com.br\/v1\/wp-json\/wp\/v2\/posts\/95275"}],"collection":[{"href":"https:\/\/www.r2cpress.com.br\/v1\/wp-json\/wp\/v2\/posts"}],"about":[{"href":"https:\/\/www.r2cpress.com.br\/v1\/wp-json\/wp\/v2\/types\/post"}],"author":[{"embeddable":true,"href":"https:\/\/www.r2cpress.com.br\/v1\/wp-json\/wp\/v2\/users\/2"}],"replies":[{"embeddable":true,"href":"https:\/\/www.r2cpress.com.br\/v1\/wp-json\/wp\/v2\/comments?post=95275"}],"version-history":[{"count":2,"href":"https:\/\/www.r2cpress.com.br\/v1\/wp-json\/wp\/v2\/posts\/95275\/revisions"}],"predecessor-version":[{"id":95277,"href":"https:\/\/www.r2cpress.com.br\/v1\/wp-json\/wp\/v2\/posts\/95275\/revisions\/95277"}],"wp:attachment":[{"href":"https:\/\/www.r2cpress.com.br\/v1\/wp-json\/wp\/v2\/media?parent=95275"}],"wp:term":[{"taxonomy":"category","embeddable":true,"href":"https:\/\/www.r2cpress.com.br\/v1\/wp-json\/wp\/v2\/categories?post=95275"},{"taxonomy":"post_tag","embeddable":true,"href":"https:\/\/www.r2cpress.com.br\/v1\/wp-json\/wp\/v2\/tags?post=95275"}],"curies":[{"name":"wp","href":"https:\/\/api.w.org\/{rel}","templated":true}]}}