{"id":95287,"date":"2015-08-20T18:57:09","date_gmt":"2015-08-20T21:57:09","guid":{"rendered":"http:\/\/www.r2cpress.com.br\/v1\/?p=95287"},"modified":"2015-08-20T18:57:09","modified_gmt":"2015-08-20T21:57:09","slug":"prefeitura-de-ilheus-e-governo-federal-capacitam-professores-de-educacao-fisica","status":"publish","type":"post","link":"https:\/\/www.r2cpress.com.br\/v1\/2015\/08\/20\/prefeitura-de-ilheus-e-governo-federal-capacitam-professores-de-educacao-fisica\/","title":{"rendered":"Prefeitura de Ilh\u00e9us e Governo Federal capacitam professores de educa\u00e7\u00e3o f\u00edsica"},"content":{"rendered":"<p><em>O evento \u00e9 uma parceria dos Minist\u00e9rios do Esporte e da Educa\u00e7\u00e3o e visa integrar a pol\u00edtica esportiva com a educa\u00e7\u00e3o integral<\/em><\/p>\n<p>As secretarias de Turismo e Esportes (Setur) e de Educa\u00e7\u00e3o (Seduc) de Ilh\u00e9us, em parceria com os minist\u00e9rios dos Esportes e da Educa\u00e7\u00e3o, iniciaram nesta quinta-feira, 20, o curso de extens\u00e3o \u2018Esporte na Escola\u2019, que faz parte do Programa Mais Educa\u00e7\u00e3o, do governo federal, e tem como p\u00fablico monitores e professores de educa\u00e7\u00e3o f\u00edsica da rede municipal de ensino. O trabalho \u00e9 realizado no Instituto Municipal de Ensino Eus\u00ednio Lavigne e no Gin\u00e1sio de Esportes Herval Soledade.<\/p>\n<p>O projeto, que segue at\u00e9 esta sexta-feira, 21, visa integrar o esporte com a educa\u00e7\u00e3o integral, de forma a incentivar a pr\u00e1tica esportiva nas escolas, por meio das diversas modalidades. Para o titular da Setur, Josenaldo Cerqueira, \u00e9 importante capacitar monitores e professores da rede municipal de ensino, o que soma com o esfor\u00e7o do munic\u00edpio para devolver \u00e0 popula\u00e7\u00e3o as v\u00e1rias pra\u00e7as esportivas em constru\u00e7\u00e3o ou reforma.<\/p>\n<p>Para a Coordenadora de \u00e1rea da Secretaria Nacional de Esporte, Lazer e Inclus\u00e3o Social do Minist\u00e9rio do Esporte, Marcela \u00c1sfora, que estava presente na abertura da oficina \u201c\u00e9 importante lembrar que o principal objetivo do programa \u00e9 fundamentar o ensino na escola integral. Hoje, com a parceria com o MEC, conseguimos dar uma expans\u00e3o e uma visibilidade maior ao programa, atingindo os alunos das escolas municipais e estaduais\u201d.<\/p>\n<p>Atualmente, o \u201cEsporte na Escola\u201d possui 19.637 escolas credenciadas e 2.893 mun\u00edcipios cadastrados, com 30.668 monitores capacitados e 3.432.185 alunos beneficiados. Para coordenadora de Programas e Projetos da Secretaria de Educa\u00e7\u00e3o de Ilh\u00e9us, Simone Dias, ressalta que o munic\u00edpio j\u00e1 buscava trazer o \u201cPrograma Mais Educa\u00e7\u00e3o \u2013 Esporte na Escola\u201d, visando \u201cestruturar e promover com os alunos da rede p\u00fablica o acesso ao esporte com mais qualifica\u00e7\u00e3o e capacita\u00e7\u00e3o dos professores\u201d.<\/p>\n<p><strong>Mais Educa\u00e7\u00e3o &#8211;<\/strong> O programa representa a pol\u00edtica de Educa\u00e7\u00e3o Integral do Minist\u00e9rio de Educa\u00e7\u00e3o (MEC). As escolas que aderem o programa t\u00eam a op\u00e7\u00e3o de selecionar atividades dentro de diversos macrocampos, dentre eles, o Esporte e Lazer.<\/p>\n<p><strong>Esporte na Escola &#8211; <\/strong>\u00c9 uma atividade do Programa Mais Educa\u00e7\u00e3o, pertencente ao Macrocampo Esporte e Lazer, fruto da parceria entre os minist\u00e9rios dos Esportes (ME) e da Educa\u00e7\u00e3o (MEC), que oportuniza ao aluno o acesso \u00e0 pr\u00e1tica esportiva por meio do desenvolvimento de m\u00faltiplas viv\u00eancias.<\/p>\n<p>&nbsp;<\/p>\n","protected":false},"excerpt":{"rendered":"<p>O evento \u00e9 uma parceria dos Minist\u00e9rios do Esporte e da Educa\u00e7\u00e3o e visa integrar a pol\u00edtica esportiva com a educa\u00e7\u00e3o integral As secretarias de Turismo e Esportes (Setur) e de Educa\u00e7\u00e3o (Seduc) de Ilh\u00e9us, em parceria com os minist\u00e9rios dos Esportes e da Educa\u00e7\u00e3o, iniciaram nesta quinta-feira, 20, o curso de extens\u00e3o \u2018Esporte na [&hellip;]<\/p>\n","protected":false},"author":2,"featured_media":0,"comment_status":"open","ping_status":"open","sticky":false,"template":"","format":"standard","meta":{"_links_to":"","_links_to_target":""},"categories":[11,23],"tags":[],"_links":{"self":[{"href":"https:\/\/www.r2cpress.com.br\/v1\/wp-json\/wp\/v2\/posts\/95287"}],"collection":[{"href":"https:\/\/www.r2cpress.com.br\/v1\/wp-json\/wp\/v2\/posts"}],"about":[{"href":"https:\/\/www.r2cpress.com.br\/v1\/wp-json\/wp\/v2\/types\/post"}],"author":[{"embeddable":true,"href":"https:\/\/www.r2cpress.com.br\/v1\/wp-json\/wp\/v2\/users\/2"}],"replies":[{"embeddable":true,"href":"https:\/\/www.r2cpress.com.br\/v1\/wp-json\/wp\/v2\/comments?post=95287"}],"version-history":[{"count":1,"href":"https:\/\/www.r2cpress.com.br\/v1\/wp-json\/wp\/v2\/posts\/95287\/revisions"}],"predecessor-version":[{"id":95288,"href":"https:\/\/www.r2cpress.com.br\/v1\/wp-json\/wp\/v2\/posts\/95287\/revisions\/95288"}],"wp:attachment":[{"href":"https:\/\/www.r2cpress.com.br\/v1\/wp-json\/wp\/v2\/media?parent=95287"}],"wp:term":[{"taxonomy":"category","embeddable":true,"href":"https:\/\/www.r2cpress.com.br\/v1\/wp-json\/wp\/v2\/categories?post=95287"},{"taxonomy":"post_tag","embeddable":true,"href":"https:\/\/www.r2cpress.com.br\/v1\/wp-json\/wp\/v2\/tags?post=95287"}],"curies":[{"name":"wp","href":"https:\/\/api.w.org\/{rel}","templated":true}]}}