{"id":95289,"date":"2015-08-20T19:02:20","date_gmt":"2015-08-20T22:02:20","guid":{"rendered":"http:\/\/www.r2cpress.com.br\/v1\/?p=95289"},"modified":"2015-08-20T19:02:20","modified_gmt":"2015-08-20T22:02:20","slug":"dia-do-soldado-2","status":"publish","type":"post","link":"https:\/\/www.r2cpress.com.br\/v1\/2015\/08\/20\/dia-do-soldado-2\/","title":{"rendered":"Dia do Soldado"},"content":{"rendered":"<p>O culto de A\u00e7\u00e3o de Gra\u00e7as pelo Dia do Soldado \u00e9 um evento promovido pelo s\u00e9timo ano na Primeira Igreja Batista de Ilh\u00e9us, em homenagem ao <span style=\"color: #ff0000;\"><strong>Dia do Soldado<\/strong><\/span>, com a\u00e7\u00f5es de gra\u00e7as a Deus, o qual tem protegido os militares na sua nobre e \u00e1rdua miss\u00e3o. \u00c9 um evento marcante que conta com a participa\u00e7\u00e3o das For\u00e7as Armadas e de todas as Unidades Militares do munic\u00edpio, representadas em comiss\u00e3o fardada por solicita\u00e7\u00e3o da igreja, com apresenta\u00e7\u00e3o da Banda de M\u00fasica do 2\u00ba BPM e de v\u00e1rios militares que cantam, recitam poemas, tocam, pregam, etc. \u00a0O culto ser\u00e1 realizado na Primeira Igreja Batista de Ilh\u00e9us, localizada na Pra\u00e7a J.J. Seabra, 197 &#8211; Centro de Ilh\u00e9us-Ba, \u00e0s 19 horas, no dia 23 de agosto de 2015. O objetivo \u00e9 AGRADECER a Deus e mostrar a todos os presentes o cuidado que Ele tem com cada um de n\u00f3s, sem fazer acep\u00e7\u00e3o de pessoas ou cren\u00e7as.<\/p>\n","protected":false},"excerpt":{"rendered":"<p>O culto de A\u00e7\u00e3o de Gra\u00e7as pelo Dia do Soldado \u00e9 um evento promovido pelo s\u00e9timo ano na Primeira Igreja Batista de Ilh\u00e9us, em homenagem ao Dia do Soldado, com a\u00e7\u00f5es de gra\u00e7as a Deus, o qual tem protegido os militares na sua nobre e \u00e1rdua miss\u00e3o. \u00c9 um evento marcante que conta com a [&hellip;]<\/p>\n","protected":false},"author":2,"featured_media":0,"comment_status":"open","ping_status":"open","sticky":false,"template":"","format":"standard","meta":{"_links_to":"","_links_to_target":""},"categories":[25],"tags":[],"_links":{"self":[{"href":"https:\/\/www.r2cpress.com.br\/v1\/wp-json\/wp\/v2\/posts\/95289"}],"collection":[{"href":"https:\/\/www.r2cpress.com.br\/v1\/wp-json\/wp\/v2\/posts"}],"about":[{"href":"https:\/\/www.r2cpress.com.br\/v1\/wp-json\/wp\/v2\/types\/post"}],"author":[{"embeddable":true,"href":"https:\/\/www.r2cpress.com.br\/v1\/wp-json\/wp\/v2\/users\/2"}],"replies":[{"embeddable":true,"href":"https:\/\/www.r2cpress.com.br\/v1\/wp-json\/wp\/v2\/comments?post=95289"}],"version-history":[{"count":1,"href":"https:\/\/www.r2cpress.com.br\/v1\/wp-json\/wp\/v2\/posts\/95289\/revisions"}],"predecessor-version":[{"id":95290,"href":"https:\/\/www.r2cpress.com.br\/v1\/wp-json\/wp\/v2\/posts\/95289\/revisions\/95290"}],"wp:attachment":[{"href":"https:\/\/www.r2cpress.com.br\/v1\/wp-json\/wp\/v2\/media?parent=95289"}],"wp:term":[{"taxonomy":"category","embeddable":true,"href":"https:\/\/www.r2cpress.com.br\/v1\/wp-json\/wp\/v2\/categories?post=95289"},{"taxonomy":"post_tag","embeddable":true,"href":"https:\/\/www.r2cpress.com.br\/v1\/wp-json\/wp\/v2\/tags?post=95289"}],"curies":[{"name":"wp","href":"https:\/\/api.w.org\/{rel}","templated":true}]}}