{"id":95291,"date":"2015-08-20T19:53:40","date_gmt":"2015-08-20T22:53:40","guid":{"rendered":"http:\/\/www.r2cpress.com.br\/v1\/?p=95291"},"modified":"2015-08-20T19:53:40","modified_gmt":"2015-08-20T22:53:40","slug":"bahia-deve-receber-tres-novos-centros-olimpicos","status":"publish","type":"post","link":"https:\/\/www.r2cpress.com.br\/v1\/2015\/08\/20\/bahia-deve-receber-tres-novos-centros-olimpicos\/","title":{"rendered":"Bahia deve receber tr\u00eas novos centros ol\u00edmpicos"},"content":{"rendered":"<p>O Governo da Bahia, atrav\u00e9s da Secretaria do Trabalho, Emprego, Renda e Esporte (Setre), negocia com o Minist\u00e9rio do Esporte a implanta\u00e7\u00e3o de tr\u00eas novos centros ol\u00edmpicos no estado. S\u00e3o eles: o Centro de Canoagem, o Centro de Luta Ol\u00edmpica e o Centro de Boxe.<\/p>\n<p>O pleito est\u00e1 em discuss\u00e3o e, nesta quinta-feira (20), foi pauta de agenda entre o secret\u00e1rio estadual \u00c1lvaro Gomes, o secret\u00e1rio de Alto Rendimento do minist\u00e9rio, Carlos Geraldo, os presidentes da Confedera\u00e7\u00e3o de Luta Ol\u00edmpica e Confedera\u00e7\u00e3o de Boxe, Pedro Gama e Mauro Silva, respectivamente, o presidente da Federa\u00e7\u00e3o de Boxe da Bahia, Joilson Santana, e ainda o vice-presidente da Federa\u00e7\u00e3o de Canoagem da Bahia, Jos\u00e9 Carlos.<\/p>\n<p>Conforme o secret\u00e1rio \u00c1lvaro Gomes, a sinaliza\u00e7\u00e3o dada pelo minist\u00e9rio \u00e9 positiva e o governo baiano est\u00e1 empenhado para que os tr\u00eas projetos sejam concretizados. A ideia \u00e9 que o Centro de Canoagem seja implantado na foz do Rio de Contas, podendo ser em Ubaitaba, Itacar\u00e9, ou em outro munic\u00edpio. J\u00e1 h\u00e1 defini\u00e7\u00e3o de local para os centros de luta; o secret\u00e1rio informou que a cidade de Salvador \u00e9 quem deve receber os empreendimentos. Novas conversas ser\u00e3o feitas. E a tomada de decis\u00e3o pode sair nas pr\u00f3ximas semanas.<\/p>\n<p>O presidente da Confedera\u00e7\u00e3o de Boxe, Mauro Silva, comemorou a iniciativa. \u201cO nosso pensamento \u00e9 criar um centro regional na Bahia, estado com forte potencial para o esporte\u201d. Ele assinalou que o esporte faz parte da \u00e1rea social e \u00e9 respons\u00e1vel por grandes transforma\u00e7\u00f5es.<\/p>\n<p>A reuni\u00e3o tamb\u00e9m permitiu que o governo baiano apresentasse outros pleitos, a exemplo da realiza\u00e7\u00e3o de eventos internacionais na Bahia. \u201cEstamos reivindicando a Copa do Mundo de Sele\u00e7\u00f5es de Jud\u00f4, que ocorrer\u00e1 no in\u00edcio de 2016, e ainda a realiza\u00e7\u00e3o de um desafio entre a Sele\u00e7\u00e3o Brasileira de Box contra uma sele\u00e7\u00e3o internacional\u201d,adiantou \u00c1lvaro Gomes. A Bahia oferece como palco da disputa entre judocas o Centro Pan-Americano de Jud\u00f4 e o gin\u00e1sio de Cajazeiras para o boxe.<\/p>\n<p><strong><em>Camila Peres<\/em><\/strong><\/p>\n","protected":false},"excerpt":{"rendered":"<p>O Governo da Bahia, atrav\u00e9s da Secretaria do Trabalho, Emprego, Renda e Esporte (Setre), negocia com o Minist\u00e9rio do Esporte a implanta\u00e7\u00e3o de tr\u00eas novos centros ol\u00edmpicos no estado. S\u00e3o eles: o Centro de Canoagem, o Centro de Luta Ol\u00edmpica e o Centro de Boxe. O pleito est\u00e1 em discuss\u00e3o e, nesta quinta-feira (20), foi [&hellip;]<\/p>\n","protected":false},"author":2,"featured_media":0,"comment_status":"open","ping_status":"open","sticky":false,"template":"","format":"standard","meta":{"_links_to":"","_links_to_target":""},"categories":[11,29],"tags":[],"_links":{"self":[{"href":"https:\/\/www.r2cpress.com.br\/v1\/wp-json\/wp\/v2\/posts\/95291"}],"collection":[{"href":"https:\/\/www.r2cpress.com.br\/v1\/wp-json\/wp\/v2\/posts"}],"about":[{"href":"https:\/\/www.r2cpress.com.br\/v1\/wp-json\/wp\/v2\/types\/post"}],"author":[{"embeddable":true,"href":"https:\/\/www.r2cpress.com.br\/v1\/wp-json\/wp\/v2\/users\/2"}],"replies":[{"embeddable":true,"href":"https:\/\/www.r2cpress.com.br\/v1\/wp-json\/wp\/v2\/comments?post=95291"}],"version-history":[{"count":1,"href":"https:\/\/www.r2cpress.com.br\/v1\/wp-json\/wp\/v2\/posts\/95291\/revisions"}],"predecessor-version":[{"id":95292,"href":"https:\/\/www.r2cpress.com.br\/v1\/wp-json\/wp\/v2\/posts\/95291\/revisions\/95292"}],"wp:attachment":[{"href":"https:\/\/www.r2cpress.com.br\/v1\/wp-json\/wp\/v2\/media?parent=95291"}],"wp:term":[{"taxonomy":"category","embeddable":true,"href":"https:\/\/www.r2cpress.com.br\/v1\/wp-json\/wp\/v2\/categories?post=95291"},{"taxonomy":"post_tag","embeddable":true,"href":"https:\/\/www.r2cpress.com.br\/v1\/wp-json\/wp\/v2\/tags?post=95291"}],"curies":[{"name":"wp","href":"https:\/\/api.w.org\/{rel}","templated":true}]}}