{"id":95293,"date":"2015-08-20T19:57:52","date_gmt":"2015-08-20T22:57:52","guid":{"rendered":"http:\/\/www.r2cpress.com.br\/v1\/?p=95293"},"modified":"2015-08-20T19:57:52","modified_gmt":"2015-08-20T22:57:52","slug":"visita-marca-parceria-de-faculdades-e-cima-a-fundacao-hospitalar-de-camacan","status":"publish","type":"post","link":"https:\/\/www.r2cpress.com.br\/v1\/2015\/08\/20\/visita-marca-parceria-de-faculdades-e-cima-a-fundacao-hospitalar-de-camacan\/","title":{"rendered":"Visita marca parceria de faculdades e CIMA \u00e0 Funda\u00e7\u00e3o Hospitalar de Camacan"},"content":{"rendered":"<p>A Funda\u00e7\u00e3o Hospitalar de Camacan recebeu, durante essa semana, a visita de \u00a0membros do IFBA (Instituto Federal de Educa\u00e7\u00e3o, Ci\u00eancia e Tecnologia da Bahia) e do IF Baiano, acompanhados da dire\u00e7\u00e3o do CIMA, Cons\u00f3rcio Intermunicipal da Mata Atl\u00e2ntica. O cons\u00f3rcio, que \u00e9 formado pelos munic\u00edpios de Camacan, Arataca, Pau Brasil, Santa Luzia, Jussari, Itaj\u00fa do Col\u00f4nia, S\u00e3o Jos\u00e9 da Vit\u00f3ria, Una e Canavieiras, tem como objetivo principal a uni\u00e3o de munic\u00edpios com caracter\u00edsticas e necessidades afins, proporcionando assim uma melhor qualidade de vida para os moradores\u00a0 dessa regi\u00e3o.<\/p>\n<p>Na ocasi\u00e3o foi assinado um Protocolo de Inten\u00e7\u00f5es de parceria entre as institui\u00e7\u00f5es e o CIMA, documento que prop\u00f5e uma integra\u00e7\u00e3o entre as institui\u00e7\u00f5es a fim de fomentar uma melhor condi\u00e7\u00e3o de estudo entre os alunos do mesmo.<\/p>\n<p>Sendo a Funda\u00e7\u00e3o Hospitalar de Camacan um bra\u00e7o do CIMA, ficou acordado a utiliza\u00e7\u00e3o das instala\u00e7\u00f5es do hospital para est\u00e1gios de estudantes das \u00e1reas de sa\u00fade das faculdades. O presidente em exerc\u00edcio do CIMA, Antonio Guilherme, que tamb\u00e9m \u00e9 prefeito de Santa Luzia, agradeceu a parceria firmada e enalteceu os esfor\u00e7os de todos, lembrando que a reabertura da Funda\u00e7\u00e3o j\u00e1 foi uma grande conquista do cons\u00f3rcio.<\/p>\n<p>A comitiva foi recebida por Mardson Silva, Gestor-Presidente da Funda\u00e7\u00e3o, e Dr. Almir Gon\u00e7alves, Superintendente M\u00e9dico, que afirmou que essa parceria \u00e9 de um ganho imenso para toda a regi\u00e3o, lembrando que a experi\u00eancia das profiss\u00f5es no campo de trabalho enriquece o curr\u00edculo.<\/p>\n","protected":false},"excerpt":{"rendered":"<p>A Funda\u00e7\u00e3o Hospitalar de Camacan recebeu, durante essa semana, a visita de \u00a0membros do IFBA (Instituto Federal de Educa\u00e7\u00e3o, Ci\u00eancia e Tecnologia da Bahia) e do IF Baiano, acompanhados da dire\u00e7\u00e3o do CIMA, Cons\u00f3rcio Intermunicipal da Mata Atl\u00e2ntica. O cons\u00f3rcio, que \u00e9 formado pelos munic\u00edpios de Camacan, Arataca, Pau Brasil, Santa Luzia, Jussari, Itaj\u00fa do [&hellip;]<\/p>\n","protected":false},"author":2,"featured_media":0,"comment_status":"open","ping_status":"open","sticky":false,"template":"","format":"standard","meta":{"_links_to":"","_links_to_target":""},"categories":[13,24],"tags":[],"_links":{"self":[{"href":"https:\/\/www.r2cpress.com.br\/v1\/wp-json\/wp\/v2\/posts\/95293"}],"collection":[{"href":"https:\/\/www.r2cpress.com.br\/v1\/wp-json\/wp\/v2\/posts"}],"about":[{"href":"https:\/\/www.r2cpress.com.br\/v1\/wp-json\/wp\/v2\/types\/post"}],"author":[{"embeddable":true,"href":"https:\/\/www.r2cpress.com.br\/v1\/wp-json\/wp\/v2\/users\/2"}],"replies":[{"embeddable":true,"href":"https:\/\/www.r2cpress.com.br\/v1\/wp-json\/wp\/v2\/comments?post=95293"}],"version-history":[{"count":1,"href":"https:\/\/www.r2cpress.com.br\/v1\/wp-json\/wp\/v2\/posts\/95293\/revisions"}],"predecessor-version":[{"id":95294,"href":"https:\/\/www.r2cpress.com.br\/v1\/wp-json\/wp\/v2\/posts\/95293\/revisions\/95294"}],"wp:attachment":[{"href":"https:\/\/www.r2cpress.com.br\/v1\/wp-json\/wp\/v2\/media?parent=95293"}],"wp:term":[{"taxonomy":"category","embeddable":true,"href":"https:\/\/www.r2cpress.com.br\/v1\/wp-json\/wp\/v2\/categories?post=95293"},{"taxonomy":"post_tag","embeddable":true,"href":"https:\/\/www.r2cpress.com.br\/v1\/wp-json\/wp\/v2\/tags?post=95293"}],"curies":[{"name":"wp","href":"https:\/\/api.w.org\/{rel}","templated":true}]}}