{"id":95312,"date":"2015-08-21T10:11:10","date_gmt":"2015-08-21T13:11:10","guid":{"rendered":"http:\/\/www.r2cpress.com.br\/v1\/?p=95312"},"modified":"2015-08-21T10:11:10","modified_gmt":"2015-08-21T13:11:10","slug":"dia-d-de-vacinacao-contra-poliomielite-acontece-neste-sabado-em-ilheus","status":"publish","type":"post","link":"https:\/\/www.r2cpress.com.br\/v1\/2015\/08\/21\/dia-d-de-vacinacao-contra-poliomielite-acontece-neste-sabado-em-ilheus\/","title":{"rendered":"Dia \u2018D\u2019 de vacina\u00e7\u00e3o contra Poliomielite acontece neste s\u00e1bado, em Ilh\u00e9us"},"content":{"rendered":"<p><em>Devem ser vacinadas crian\u00e7as de seis meses a menores de cinco anos de idade. As unidades de sa\u00fade do munic\u00edpio est\u00e3o prontas para receber o p\u00fablico alvo da campanha<\/em><\/p>\n<p>Acontece neste s\u00e1bado, 22, em Ilh\u00e9us, o Dia D de vacina\u00e7\u00e3o contra a poliomielite e multivacina\u00e7\u00e3o, promovido pela Secretaria Municipal de Sa\u00fade (Sesau). As doses das vacinas j\u00e1 est\u00e3o dispon\u00edveis nas unidades da rede b\u00e1sica de atendimento. A data da mobiliza\u00e7\u00e3o foi alterada em virtude do feriado de Nossa Senhora da Vit\u00f3ria, padroeira de Ilh\u00e9us, ocorrido no \u00faltimo s\u00e1bado, 15. De acordo com a supervisora de Imuniza\u00e7\u00e3o da Sesau, Walk\u00edria Cardeal, o trabalho se estender\u00e1 at\u00e9 31 deste m\u00eas e os postos funcionam das 8 \u00e0s 17h.<\/p>\n<p>Devem ser vacinadas indiscriminadamente crian\u00e7as de seis meses a menores de cinco anos de idade. \u00c9 imprescind\u00edvel apresentar a carteira de vacina\u00e7\u00e3o. De acordo com Cardeal, os seguintes bairros estar\u00e3o com unidades oferecendo as vacinas: Oliven\u00e7a, Nossa Senhora da Vit\u00f3ria, Nelson Costa, Parque Infantil, Iguape, Centro Social Urbano (CSU), Teot\u00f4nio Vilela, Banco da Vit\u00f3ria, Salobrinho, Vila Cachoeira, Conquista, Princesa Isabel, Bas\u00edlio, e tamb\u00e9m na antiga sede do Sesp, na Avenida Canavieiras.<\/p>\n<p><!--more--><\/p>\n<p>Em Ilh\u00e9us, a meta \u00e9 vacinar 12.281 crian\u00e7as na faixa et\u00e1ria de seis meses a menores de cinco anos, tanto contra a poliomielite, quanto \u00e0s outras imuniza\u00e7\u00f5es. \u201cPara atingir a meta, contamos com a aten\u00e7\u00e3o dos pais dessas crian\u00e7as, para que se atentem ao prazo da campanha, ao hor\u00e1rio de funcionamento das unidades e que levem a carteira de vacina\u00e7\u00e3o\u201d, ressalta a supervisora Walk\u00edria Cardeal.<\/p>\n<p>Al\u00e9m da prote\u00e7\u00e3o contra a paralisia infantil, a campanha ser\u00e1 a oportunidade para colocar a vacina\u00e7\u00e3o em dia. Para isso, \u00e9 fundamental que os pais levem a caderneta das crian\u00e7as para ser avaliada. As vacinas em atraso podem ser administradas, na hora, pelo profissional de sa\u00fade.<\/p>\n<p>Zona Rural \u2013 Para atender \u00e0 popula\u00e7\u00e3o de localidades distantes do centro, a Secretaria de Sa\u00fade de Ilh\u00e9us j\u00e1 mant\u00e9m quatro equipes volantes que visitar\u00e3o localidades rurais at\u00e9 o dia 31 deste m\u00eas.<\/p>\n<p>Campanha \u2013 A Campanha Nacional de Vacina\u00e7\u00e3o contra a Poliomielite, coordenada pelo Minist\u00e9rio da Sa\u00fade, tem o objetivo de vacinar indiscriminadamente crian\u00e7as de seis meses a menores de cinco anos de idade, mantendo, desta forma, elevadas as coberturas vacinais de forma homog\u00eanea em todos os munic\u00edpios, visando evitar a reintrodu\u00e7\u00e3o do v\u00edrus da doen\u00e7a no Pa\u00eds.<\/p>\n<p>Multivacina\u00e7\u00e3o &#8211; Com rela\u00e7\u00e3o \u00e0 Campanha Nacional de Multivacina\u00e7\u00e3o, que tamb\u00e9m tem como grupo alvo as crian\u00e7as menores de cinco anos, a estrat\u00e9gia \u00e9 oferecer v\u00e1rias vacinas ao mesmo tempo. A proposta \u00e9 melhorar a cobertura vacinal da popula\u00e7\u00e3o e otimizar a log\u00edstica dos servi\u00e7os de sa\u00fade.<\/p>\n","protected":false},"excerpt":{"rendered":"<p>Devem ser vacinadas crian\u00e7as de seis meses a menores de cinco anos de idade. As unidades de sa\u00fade do munic\u00edpio est\u00e3o prontas para receber o p\u00fablico alvo da campanha Acontece neste s\u00e1bado, 22, em Ilh\u00e9us, o Dia D de vacina\u00e7\u00e3o contra a poliomielite e multivacina\u00e7\u00e3o, promovido pela Secretaria Municipal de Sa\u00fade (Sesau). As doses das [&hellip;]<\/p>\n","protected":false},"author":2,"featured_media":0,"comment_status":"open","ping_status":"open","sticky":false,"template":"","format":"standard","meta":{"_links_to":"","_links_to_target":""},"categories":[23,24],"tags":[],"_links":{"self":[{"href":"https:\/\/www.r2cpress.com.br\/v1\/wp-json\/wp\/v2\/posts\/95312"}],"collection":[{"href":"https:\/\/www.r2cpress.com.br\/v1\/wp-json\/wp\/v2\/posts"}],"about":[{"href":"https:\/\/www.r2cpress.com.br\/v1\/wp-json\/wp\/v2\/types\/post"}],"author":[{"embeddable":true,"href":"https:\/\/www.r2cpress.com.br\/v1\/wp-json\/wp\/v2\/users\/2"}],"replies":[{"embeddable":true,"href":"https:\/\/www.r2cpress.com.br\/v1\/wp-json\/wp\/v2\/comments?post=95312"}],"version-history":[{"count":2,"href":"https:\/\/www.r2cpress.com.br\/v1\/wp-json\/wp\/v2\/posts\/95312\/revisions"}],"predecessor-version":[{"id":95314,"href":"https:\/\/www.r2cpress.com.br\/v1\/wp-json\/wp\/v2\/posts\/95312\/revisions\/95314"}],"wp:attachment":[{"href":"https:\/\/www.r2cpress.com.br\/v1\/wp-json\/wp\/v2\/media?parent=95312"}],"wp:term":[{"taxonomy":"category","embeddable":true,"href":"https:\/\/www.r2cpress.com.br\/v1\/wp-json\/wp\/v2\/categories?post=95312"},{"taxonomy":"post_tag","embeddable":true,"href":"https:\/\/www.r2cpress.com.br\/v1\/wp-json\/wp\/v2\/tags?post=95312"}],"curies":[{"name":"wp","href":"https:\/\/api.w.org\/{rel}","templated":true}]}}