{"id":95316,"date":"2015-08-21T18:06:47","date_gmt":"2015-08-21T21:06:47","guid":{"rendered":"http:\/\/www.r2cpress.com.br\/v1\/?p=95316"},"modified":"2015-08-21T18:06:47","modified_gmt":"2015-08-21T21:06:47","slug":"opus-dei-68","status":"publish","type":"post","link":"https:\/\/www.r2cpress.com.br\/v1\/2015\/08\/21\/opus-dei-68\/","title":{"rendered":"OPUS DEI"},"content":{"rendered":"<table border=\"0\" width=\"100%\" cellspacing=\"0\" cellpadding=\"0\" align=\"center\" bgcolor=\"#ffffff\">\n<tbody>\n<tr>\n<td valign=\"middle\" bgcolor=\"#efede7\" width=\"100%\" height=\"70\">\n<table border=\"0\" width=\"92%\" cellspacing=\"0\" cellpadding=\"0\" align=\"center\" bgcolor=\"#efede7\">\n<tbody>\n<tr>\n<td align=\"left\" valign=\"middle\" bgcolor=\"#efede7\" width=\"60%\"><a href=\"http:\/\/opusdei.us7.list-manage1.com\/track\/click?u=1af5d7b530cb590152589eba5&amp;id=6a4dc47eee&amp;e=f88f8593e5\" target=\"_blank\"><img class=\"CToWUd\" src=\"https:\/\/ci5.googleusercontent.com\/proxy\/EtNKQQ_SWBO7iAW-9wsSZrzEYnXlfPuBYQyXUxy-vxzz65Hmv6hVlaiUd_eYpNzh5xL882-jcosafokPU0MhWOXvC3cvECUCzBdlIG6FGvU4yJZ9ViQ0-g=s0-d-e1-ft#http:\/\/odnmedia.s3.amazonaws.com\/static\/images\/newsletter\/logo.gif\" alt=\"Opus Dei\" border=\"0\" \/><\/a><\/td>\n<td bgcolor=\"#efede7\" width=\"4%\"><\/td>\n<td align=\"right\" valign=\"middle\" bgcolor=\"#efede7\" width=\"36%\"><\/td>\n<\/tr>\n<\/tbody>\n<\/table>\n<\/td>\n<\/tr>\n<tr>\n<td valign=\"top\" width=\"100%\">\n<table border=\"0\" width=\"92%\" cellspacing=\"0\" cellpadding=\"0\" align=\"center\">\n<tbody>\n<tr>\n<td valign=\"top\" width=\"100%\"><i>21 de Agosto de 2015<\/i><\/td>\n<\/tr>\n<tr>\n<td height=\"29\"><\/td>\n<\/tr>\n<tr>\n<td valign=\"top\" width=\"100%\">\n<table border=\"0\" width=\"100%\" cellspacing=\"0\" cellpadding=\"0\">\n<tbody>\n<tr>\n<td align=\"right\" valign=\"top\" width=\"30%\"><a href=\"http:\/\/opusdei.us7.list-manage.com\/track\/click?u=1af5d7b530cb590152589eba5&amp;id=e320a6887a&amp;e=f88f8593e5\" target=\"_blank\"><img class=\"CToWUd\" src=\"https:\/\/ci6.googleusercontent.com\/proxy\/LXu5GvPkluC4LGLPcgdHcY66LCf2nuQd2X4DYXQA0zr2d44uTtFh80IJJneR3QiuNo-ilLm1KhIMLyEipnUQv7EurXOrdsrC5w=s0-d-e1-ft#http:\/\/img.youtube.com\/vi\/6K2JD5huyRg\/hqdefault.jpg\" alt=\"\" width=\"96\" border=\"0\" \/><\/a><\/td>\n<td width=\"4%\"><\/td>\n<td valign=\"top\" width=\"66%\">\n<table border=\"0\" width=\"100%\" cellspacing=\"0\" cellpadding=\"0\">\n<tbody>\n<tr>\n<td valign=\"top\"><a href=\"http:\/\/opusdei.us7.list-manage.com\/track\/click?u=1af5d7b530cb590152589eba5&amp;id=3f5db40022&amp;e=f88f8593e5\" target=\"_blank\"><b>V\u00cdDEOS SOBRE O OPUS DEI<\/b><\/a><\/td>\n<\/tr>\n<tr>\n<td valign=\"top\"><a href=\"http:\/\/opusdei.us7.list-manage.com\/track\/click?u=1af5d7b530cb590152589eba5&amp;id=5e373ed51f&amp;e=f88f8593e5\" target=\"_blank\"><b>Descobrir o Opus Dei (VII) &#8211; Ora\u00e7\u00e3o e espiritualidade<\/b><\/a><\/td>\n<\/tr>\n<tr>\n<td valign=\"top\">\u00daltimo v\u00eddeo da s\u00e9rie: &#8220;Encontrar Cristo no meio do mundo&#8221; fala sobre a espiritualidade do Opus Dei e a vida de ora\u00e7\u00e3o.<\/td>\n<\/tr>\n<\/tbody>\n<\/table>\n<\/td>\n<\/tr>\n<\/tbody>\n<\/table>\n<\/td>\n<\/tr>\n<tr>\n<td height=\"18\"><\/td>\n<\/tr>\n<tr>\n<td valign=\"top\" width=\"100%\">\n<table border=\"0\" width=\"100%\" cellspacing=\"0\" cellpadding=\"0\">\n<tbody>\n<tr>\n<td align=\"right\" valign=\"top\" width=\"1%\"><\/td>\n<td width=\"4%\"><\/td>\n<td valign=\"top\" width=\"66%\">\n<table border=\"0\" width=\"100%\" cellspacing=\"0\" cellpadding=\"0\">\n<tbody>\n<tr>\n<td valign=\"top\"><a href=\"http:\/\/opusdei.us7.list-manage2.com\/track\/click?u=1af5d7b530cb590152589eba5&amp;id=6424ce1006&amp;e=f88f8593e5\" target=\"_blank\"><b>PAPA<\/b><\/a><\/td>\n<\/tr>\n<tr>\n<td valign=\"top\"><a href=\"http:\/\/opusdei.us7.list-manage2.com\/track\/click?u=1af5d7b530cb590152589eba5&amp;id=7492a8bcc8&amp;e=f88f8593e5\" target=\"_blank\"><b>O trabalho para a dignidade humana<\/b><\/a><\/td>\n<\/tr>\n<tr>\n<td valign=\"top\">Em sua catequese semanal o Papa Francisco ressaltou o valor do trabalho recordando que o pr\u00f3prio Jesus trabalhou e que era lembrado como o &#8220;filho do carpinteiro&#8221;.<\/td>\n<\/tr>\n<\/tbody>\n<\/table>\n<\/td>\n<\/tr>\n<\/tbody>\n<\/table>\n<\/td>\n<\/tr>\n<tr>\n<td height=\"18\"><\/td>\n<\/tr>\n<tr>\n<td valign=\"top\" width=\"100%\">\n<table border=\"0\" width=\"100%\" cellspacing=\"0\" cellpadding=\"0\">\n<tbody>\n<tr>\n<td align=\"right\" valign=\"top\" width=\"30%\"><a href=\"http:\/\/opusdei.us7.list-manage2.com\/track\/click?u=1af5d7b530cb590152589eba5&amp;id=2408b4b3f1&amp;e=f88f8593e5\" target=\"_blank\"><img class=\"CToWUd\" src=\"https:\/\/ci3.googleusercontent.com\/proxy\/oJmcoDKfV0tiLzhXwnhLEfAlYd0gjJGxoNsUNXkK1PLpBtyiN8ekHtpgho7tmpyh1ggFdXao5n5cEUfhzSPVG2GZjmG4R9v3_Jk7nHIywLLErMWspDzwxjWllMNKBnnKiInSF3XkoXv3aZTEuQ=s0-d-e1-ft#http:\/\/odnmedia.s3.amazonaws.com\/image\/2243696106_5710217942_b_20150811152502561974.jpg\" alt=\"\" width=\"96\" border=\"0\" \/><\/a><\/td>\n<td width=\"4%\"><\/td>\n<td valign=\"top\" width=\"66%\">\n<table border=\"0\" width=\"100%\" cellspacing=\"0\" cellpadding=\"0\">\n<tbody>\n<tr>\n<td valign=\"top\"><a href=\"http:\/\/opusdei.us7.list-manage.com\/track\/click?u=1af5d7b530cb590152589eba5&amp;id=15704bb700&amp;e=f88f8593e5\" target=\"_blank\"><b>AMOR HUMANO<\/b><\/a><\/td>\n<\/tr>\n<tr>\n<td valign=\"top\"><a href=\"http:\/\/opusdei.us7.list-manage.com\/track\/click?u=1af5d7b530cb590152589eba5&amp;id=d073c2bd9a&amp;e=f88f8593e5\" target=\"_blank\"><b>Apaixonar-se: os sentimentos e as paix\u00f5es (1)<\/b><\/a><\/td>\n<\/tr>\n<tr>\n<td valign=\"top\">O que experimentamos quando nos apaixonamos?<\/td>\n<\/tr>\n<\/tbody>\n<\/table>\n<\/td>\n<\/tr>\n<\/tbody>\n<\/table>\n<\/td>\n<\/tr>\n<tr>\n<td height=\"29\"><\/td>\n<\/tr>\n<\/tbody>\n<\/table>\n<\/td>\n<\/tr>\n<\/tbody>\n<\/table>\n","protected":false},"excerpt":{"rendered":"<p>21 de Agosto de 2015 V\u00cdDEOS SOBRE O OPUS DEI Descobrir o Opus Dei (VII) &#8211; Ora\u00e7\u00e3o e espiritualidade \u00daltimo v\u00eddeo da s\u00e9rie: &#8220;Encontrar Cristo no meio do mundo&#8221; fala sobre a espiritualidade do Opus Dei e a vida de ora\u00e7\u00e3o. PAPA O trabalho para a dignidade humana Em sua catequese semanal o Papa Francisco [&hellip;]<\/p>\n","protected":false},"author":2,"featured_media":0,"comment_status":"open","ping_status":"open","sticky":false,"template":"","format":"standard","meta":{"_links_to":"","_links_to_target":""},"categories":[28],"tags":[],"_links":{"self":[{"href":"https:\/\/www.r2cpress.com.br\/v1\/wp-json\/wp\/v2\/posts\/95316"}],"collection":[{"href":"https:\/\/www.r2cpress.com.br\/v1\/wp-json\/wp\/v2\/posts"}],"about":[{"href":"https:\/\/www.r2cpress.com.br\/v1\/wp-json\/wp\/v2\/types\/post"}],"author":[{"embeddable":true,"href":"https:\/\/www.r2cpress.com.br\/v1\/wp-json\/wp\/v2\/users\/2"}],"replies":[{"embeddable":true,"href":"https:\/\/www.r2cpress.com.br\/v1\/wp-json\/wp\/v2\/comments?post=95316"}],"version-history":[{"count":1,"href":"https:\/\/www.r2cpress.com.br\/v1\/wp-json\/wp\/v2\/posts\/95316\/revisions"}],"predecessor-version":[{"id":95317,"href":"https:\/\/www.r2cpress.com.br\/v1\/wp-json\/wp\/v2\/posts\/95316\/revisions\/95317"}],"wp:attachment":[{"href":"https:\/\/www.r2cpress.com.br\/v1\/wp-json\/wp\/v2\/media?parent=95316"}],"wp:term":[{"taxonomy":"category","embeddable":true,"href":"https:\/\/www.r2cpress.com.br\/v1\/wp-json\/wp\/v2\/categories?post=95316"},{"taxonomy":"post_tag","embeddable":true,"href":"https:\/\/www.r2cpress.com.br\/v1\/wp-json\/wp\/v2\/tags?post=95316"}],"curies":[{"name":"wp","href":"https:\/\/api.w.org\/{rel}","templated":true}]}}