{"id":95323,"date":"2015-08-21T18:47:04","date_gmt":"2015-08-21T21:47:04","guid":{"rendered":"http:\/\/www.r2cpress.com.br\/v1\/?p=95323"},"modified":"2015-08-21T18:47:04","modified_gmt":"2015-08-21T21:47:04","slug":"procurador-lancara-2a-edicao-do-livro-uma-critica-a-teoria-geral-do-processo","status":"publish","type":"post","link":"https:\/\/www.r2cpress.com.br\/v1\/2015\/08\/21\/procurador-lancara-2a-edicao-do-livro-uma-critica-a-teoria-geral-do-processo\/","title":{"rendered":"Procurador lan\u00e7ar\u00e1 2\u00aa edi\u00e7\u00e3o do livro \u201cUma Cr\u00edtica a Teoria Geral do Processo\u201d"},"content":{"rendered":"<p>O procurador de Justi\u00e7a R\u00f4mulo de Andrade Moreira lan\u00e7ar\u00e1 neste m\u00eas de setembro a 2\u00aa edi\u00e7\u00e3o do livro \u201cUma Cr\u00edtica a Teoria Geral do Processo\u201d, obra publicada pela editora Emp\u00f3rio do Direito. O lan\u00e7amento ocorrer\u00e1 durante o IV Semin\u00e1rio Nacional do Instituto Baiano de Direito Processual Penal (IBADPP), que ser\u00e1 realizado entre os dias 2 e 4 de setembro, no Edf. Mundo Plaza, na Av. Tancredo Neves.<\/p>\n<p>De acordo com o autor, o livro tem como finalidade oferecer uma contribui\u00e7\u00e3o para a \u201cdesconstru\u00e7\u00e3o da ideia de que existiria\u201d uma Teoria Geral do Processo. \u201cA raz\u00e3o pela qual me debrucei sobre o tema \u00e9 que entendo ter o Direito Processual Civil conte\u00fado pr\u00f3prio, que o difere substancialmente do conte\u00fado do Direito Processual Penal, motivo pelo qual n\u00e3o \u00e9 poss\u00edvel aplicar princ\u00edpios e regras do Processo Civil ao Processo Penal, sob pena de fazermos uma verdadeira e odiosa \u201cprocessualiza\u00e7\u00e3o civil\u201d do Processo Penal\u201d, explica Moreira.<\/p>\n<p>Na apresenta\u00e7\u00e3o da obra, ele refor\u00e7a que\u00a0 conceitos gen\u00e9ricos servem para as duas disciplinas, por\u00e9m, ainda que alguns sejam \u00fanicos, \u00e0 medida que se aprofunda o estudo do Processo Penal, torna-se poss\u00edvel identificar com facilidade diferen\u00e7as contundentes, que \u201cinviabilizam por completo a admiss\u00e3o de uma Teoria Unit\u00e1ria do Processo\u201d, conclui.<\/p>\n<p>Este \u00e9 o oitavo livro do procurador de Justi\u00e7a.<\/p>\n<div style=\"width: 611px\" class=\"wp-caption aligncenter\"><img loading=\"lazy\" class=\"\" src=\"http:\/\/www.ampeb.org.br\/wp-content\/blogs.dir\/2015\/08\/uma-critica-geral-a-teoria-do-processo-1024x481.jpg\" alt=\"\" width=\"601\" height=\"282\" \/><p class=\"wp-caption-text\">8\u00ba<\/p><\/div>\n<p>&#8212;<br \/>\nAMPEB<br \/>\nhttp:\/\/www.ampeb.org.br\/?p=7650#.VdebR_lVikp<\/p>\n","protected":false},"excerpt":{"rendered":"<p>O procurador de Justi\u00e7a R\u00f4mulo de Andrade Moreira lan\u00e7ar\u00e1 neste m\u00eas de setembro a 2\u00aa edi\u00e7\u00e3o do livro \u201cUma Cr\u00edtica a Teoria Geral do Processo\u201d, obra publicada pela editora Emp\u00f3rio do Direito. O lan\u00e7amento ocorrer\u00e1 durante o IV Semin\u00e1rio Nacional do Instituto Baiano de Direito Processual Penal (IBADPP), que ser\u00e1 realizado entre os dias 2 [&hellip;]<\/p>\n","protected":false},"author":2,"featured_media":0,"comment_status":"open","ping_status":"open","sticky":false,"template":"","format":"standard","meta":{"_links_to":"","_links_to_target":""},"categories":[5],"tags":[],"_links":{"self":[{"href":"https:\/\/www.r2cpress.com.br\/v1\/wp-json\/wp\/v2\/posts\/95323"}],"collection":[{"href":"https:\/\/www.r2cpress.com.br\/v1\/wp-json\/wp\/v2\/posts"}],"about":[{"href":"https:\/\/www.r2cpress.com.br\/v1\/wp-json\/wp\/v2\/types\/post"}],"author":[{"embeddable":true,"href":"https:\/\/www.r2cpress.com.br\/v1\/wp-json\/wp\/v2\/users\/2"}],"replies":[{"embeddable":true,"href":"https:\/\/www.r2cpress.com.br\/v1\/wp-json\/wp\/v2\/comments?post=95323"}],"version-history":[{"count":1,"href":"https:\/\/www.r2cpress.com.br\/v1\/wp-json\/wp\/v2\/posts\/95323\/revisions"}],"predecessor-version":[{"id":95324,"href":"https:\/\/www.r2cpress.com.br\/v1\/wp-json\/wp\/v2\/posts\/95323\/revisions\/95324"}],"wp:attachment":[{"href":"https:\/\/www.r2cpress.com.br\/v1\/wp-json\/wp\/v2\/media?parent=95323"}],"wp:term":[{"taxonomy":"category","embeddable":true,"href":"https:\/\/www.r2cpress.com.br\/v1\/wp-json\/wp\/v2\/categories?post=95323"},{"taxonomy":"post_tag","embeddable":true,"href":"https:\/\/www.r2cpress.com.br\/v1\/wp-json\/wp\/v2\/tags?post=95323"}],"curies":[{"name":"wp","href":"https:\/\/api.w.org\/{rel}","templated":true}]}}