{"id":95325,"date":"2015-08-21T18:52:14","date_gmt":"2015-08-21T21:52:14","guid":{"rendered":"http:\/\/www.r2cpress.com.br\/v1\/?p=95325"},"modified":"2015-08-21T18:52:14","modified_gmt":"2015-08-21T21:52:14","slug":"estado-da-bahia-assume-aeroporto-de-caravelas-em-solenidade-neste-sabado","status":"publish","type":"post","link":"https:\/\/www.r2cpress.com.br\/v1\/2015\/08\/21\/estado-da-bahia-assume-aeroporto-de-caravelas-em-solenidade-neste-sabado\/","title":{"rendered":"Estado da Bahia assume Aeroporto de Caravelas em solenidade neste s\u00e1bado"},"content":{"rendered":"<p>O governo da Bahia recebe da Aeron\u00e1utica, neste s\u00e1bado (22), a administra\u00e7\u00e3o do Aeroporto de Caravelas, localizado no extremo sul do estado. A solenidade ocorre \u00e0s 9h com a presen\u00e7a do governador Rui Costa. Foram investidos pelo governo estadual R$ 2,5 milh\u00f5es para adequar o aeroporto \u00e0s atividades comerciais, que devem come\u00e7ar em breve.<\/p>\n<p>O aeroporto foi constru\u00eddo h\u00e1 mais de seis d\u00e9cadas pelo governo brasileiro em acordo com os americanos, com o objetivo de atuar como base a\u00e9rea militar das for\u00e7as aliadas durante a Segunda Guerra Mundial.<\/p>\n","protected":false},"excerpt":{"rendered":"<p>O governo da Bahia recebe da Aeron\u00e1utica, neste s\u00e1bado (22), a administra\u00e7\u00e3o do Aeroporto de Caravelas, localizado no extremo sul do estado. A solenidade ocorre \u00e0s 9h com a presen\u00e7a do governador Rui Costa. Foram investidos pelo governo estadual R$ 2,5 milh\u00f5es para adequar o aeroporto \u00e0s atividades comerciais, que devem come\u00e7ar em breve. O [&hellip;]<\/p>\n","protected":false},"author":2,"featured_media":0,"comment_status":"open","ping_status":"open","sticky":false,"template":"","format":"standard","meta":{"_links_to":"","_links_to_target":""},"categories":[29],"tags":[],"_links":{"self":[{"href":"https:\/\/www.r2cpress.com.br\/v1\/wp-json\/wp\/v2\/posts\/95325"}],"collection":[{"href":"https:\/\/www.r2cpress.com.br\/v1\/wp-json\/wp\/v2\/posts"}],"about":[{"href":"https:\/\/www.r2cpress.com.br\/v1\/wp-json\/wp\/v2\/types\/post"}],"author":[{"embeddable":true,"href":"https:\/\/www.r2cpress.com.br\/v1\/wp-json\/wp\/v2\/users\/2"}],"replies":[{"embeddable":true,"href":"https:\/\/www.r2cpress.com.br\/v1\/wp-json\/wp\/v2\/comments?post=95325"}],"version-history":[{"count":1,"href":"https:\/\/www.r2cpress.com.br\/v1\/wp-json\/wp\/v2\/posts\/95325\/revisions"}],"predecessor-version":[{"id":95326,"href":"https:\/\/www.r2cpress.com.br\/v1\/wp-json\/wp\/v2\/posts\/95325\/revisions\/95326"}],"wp:attachment":[{"href":"https:\/\/www.r2cpress.com.br\/v1\/wp-json\/wp\/v2\/media?parent=95325"}],"wp:term":[{"taxonomy":"category","embeddable":true,"href":"https:\/\/www.r2cpress.com.br\/v1\/wp-json\/wp\/v2\/categories?post=95325"},{"taxonomy":"post_tag","embeddable":true,"href":"https:\/\/www.r2cpress.com.br\/v1\/wp-json\/wp\/v2\/tags?post=95325"}],"curies":[{"name":"wp","href":"https:\/\/api.w.org\/{rel}","templated":true}]}}