{"id":95338,"date":"2015-08-22T19:06:27","date_gmt":"2015-08-22T22:06:27","guid":{"rendered":"http:\/\/www.r2cpress.com.br\/v1\/?p=95338"},"modified":"2015-08-22T19:06:27","modified_gmt":"2015-08-22T22:06:27","slug":"hospital-manoel-novaes","status":"publish","type":"post","link":"https:\/\/www.r2cpress.com.br\/v1\/2015\/08\/22\/hospital-manoel-novaes\/","title":{"rendered":"HOSPITAL MANOEL NOVAES"},"content":{"rendered":"<h1 style=\"text-align: center;\"><span style=\"color: #ff0000;\"><strong>COMUNICADO URGENTE<\/strong><\/span><\/h1>\n<p>Mesmo tendo anunciado a suspens\u00e3o do atendimento na Maternidade de Alta Complexidade do Hospital Manoel Novaes nessa sexta-feira (21.08), gestantes continuaram sendo encaminhadas para a Unidade, o que ocasionou o j\u00e1 previsto colapso do servi\u00e7o, chegando a 55 Rec\u00e9m-Nascidos (RNs) internados em modalidade de Tratamento Intensivo (mesmo tendo havido 9 altas na UTI Neonatal neste mesmo dia). Estes atendimentos n\u00e3o previstos for\u00e7aram a abertura de um segundo anexo da UTINeonatal, sendo este na sala de recupera\u00e7\u00e3o P\u00f3s-anest\u00e9sica do Centro Cir\u00fargico. Neste contexto e mediante quadro de incapacidade de gerenciamento da assist\u00eancia por falta de recursos e profissionais para suprir a demanda de superlota\u00e7\u00e3o, a Dire\u00e7\u00e3o T\u00e9cnica do Hospital Manoel Novaes comunica a decis\u00e3o de <strong>fechamento tempor\u00e1rio de todo atendimento no Hospital Manoel Novaes, inclusive o servi\u00e7o de Pediatria<\/strong>, que teve funcion\u00e1rios recrutados para auxiliar na assist\u00eancia aos RNs internados na Neonatologia.<\/p>\n<p>Aproveita-se para registrar que tal decis\u00e3o foi por muito adiada, tendo em vista o not\u00f3rio impacto na assist\u00eancia materno-infantil e neonatal para toda regi\u00e3o, no entanto, o fechamento tempor\u00e1rio garantir\u00e1 a retomada das condi\u00e7\u00f5es m\u00ednimas de seguran\u00e7a preconizadas pelos \u00f3rg\u00e3os reguladores.\u00a0Neste s\u00e1bado e domingo (22 e 23.08), as equipes estar\u00e3o trabalhando para acelerar o fluxo da assist\u00eancia, havendo a possibilidade de novas altas hospitalares e a regulariza\u00e7\u00e3o do servi\u00e7o nas pr\u00f3ximas 48 horas, o que, acontecendo, ser\u00e1 de pronto anunciada.<\/p>\n<p>Dra. Fabiane Irla Chav\u00e8z<\/p>\n<p>Diretora T\u00e9cnica do Hospital Manoel Novaes\/SCMI<\/p>\n","protected":false},"excerpt":{"rendered":"<p>COMUNICADO URGENTE Mesmo tendo anunciado a suspens\u00e3o do atendimento na Maternidade de Alta Complexidade do Hospital Manoel Novaes nessa sexta-feira (21.08), gestantes continuaram sendo encaminhadas para a Unidade, o que ocasionou o j\u00e1 previsto colapso do servi\u00e7o, chegando a 55 Rec\u00e9m-Nascidos (RNs) internados em modalidade de Tratamento Intensivo (mesmo tendo havido 9 altas na UTI [&hellip;]<\/p>\n","protected":false},"author":2,"featured_media":0,"comment_status":"open","ping_status":"open","sticky":false,"template":"","format":"standard","meta":{"_links_to":"","_links_to_target":""},"categories":[15,24],"tags":[],"_links":{"self":[{"href":"https:\/\/www.r2cpress.com.br\/v1\/wp-json\/wp\/v2\/posts\/95338"}],"collection":[{"href":"https:\/\/www.r2cpress.com.br\/v1\/wp-json\/wp\/v2\/posts"}],"about":[{"href":"https:\/\/www.r2cpress.com.br\/v1\/wp-json\/wp\/v2\/types\/post"}],"author":[{"embeddable":true,"href":"https:\/\/www.r2cpress.com.br\/v1\/wp-json\/wp\/v2\/users\/2"}],"replies":[{"embeddable":true,"href":"https:\/\/www.r2cpress.com.br\/v1\/wp-json\/wp\/v2\/comments?post=95338"}],"version-history":[{"count":1,"href":"https:\/\/www.r2cpress.com.br\/v1\/wp-json\/wp\/v2\/posts\/95338\/revisions"}],"predecessor-version":[{"id":95339,"href":"https:\/\/www.r2cpress.com.br\/v1\/wp-json\/wp\/v2\/posts\/95338\/revisions\/95339"}],"wp:attachment":[{"href":"https:\/\/www.r2cpress.com.br\/v1\/wp-json\/wp\/v2\/media?parent=95338"}],"wp:term":[{"taxonomy":"category","embeddable":true,"href":"https:\/\/www.r2cpress.com.br\/v1\/wp-json\/wp\/v2\/categories?post=95338"},{"taxonomy":"post_tag","embeddable":true,"href":"https:\/\/www.r2cpress.com.br\/v1\/wp-json\/wp\/v2\/tags?post=95338"}],"curies":[{"name":"wp","href":"https:\/\/api.w.org\/{rel}","templated":true}]}}