{"id":95347,"date":"2015-08-23T11:44:00","date_gmt":"2015-08-23T14:44:00","guid":{"rendered":"http:\/\/www.r2cpress.com.br\/v1\/?p=95347"},"modified":"2015-08-23T11:44:00","modified_gmt":"2015-08-23T14:44:00","slug":"maconaria-nasce-a-loja-cacula-de-ilheus","status":"publish","type":"post","link":"https:\/\/www.r2cpress.com.br\/v1\/2015\/08\/23\/maconaria-nasce-a-loja-cacula-de-ilheus\/","title":{"rendered":"Ma\u00e7onaria \/ Nasce a Loja \u2018ca\u00e7ula\u2019 de Ilh\u00e9us"},"content":{"rendered":"<h1 style=\"text-align: center;\"><span style=\"text-decoration: underline;\"><span style=\"color: #000000;\"><strong>22 08 2015<\/strong><\/span><\/span><\/h1>\n<div id=\"attachment_95348\" style=\"width: 610px\" class=\"wp-caption aligncenter\"><a href=\"http:\/\/www.r2cpress.com.br\/v1\/wp-content\/uploads\/2015\/08\/CAPA3.jpg\"><img aria-describedby=\"caption-attachment-95348\" loading=\"lazy\" class=\"size-full wp-image-95348\" src=\"http:\/\/www.r2cpress.com.br\/v1\/wp-content\/uploads\/2015\/08\/CAPA3.jpg\" alt=\"Sabedoria, Equil\u00edbrio e Poder.\" width=\"600\" height=\"600\" srcset=\"https:\/\/www.r2cpress.com.br\/v1\/wp-content\/uploads\/2015\/08\/CAPA3.jpg 600w, https:\/\/www.r2cpress.com.br\/v1\/wp-content\/uploads\/2015\/08\/CAPA3-150x150.jpg 150w, https:\/\/www.r2cpress.com.br\/v1\/wp-content\/uploads\/2015\/08\/CAPA3-300x300.jpg 300w\" sizes=\"(max-width: 600px) 100vw, 600px\" \/><\/a><p id=\"caption-attachment-95348\" class=\"wp-caption-text\">Sabedoria, Equil\u00edbrio e Poder.<\/p><\/div>\n<p style=\"text-align: center;\">A.\u2019. R.\u2019. L .\u2019. S \u00a0.\u2019. Sabedoria, Equil\u00edbrio e Poder<\/p>\n<p style=\"text-align: center;\">Rua Carneiro da Rocha n\u00ba 175 (centro)<\/p>\n<p style=\"text-align: center;\">GOB\/GOEB<\/p>\n<p style=\"text-align: center;\">A diretoria provis\u00f3ria agradece a presen\u00e7a de Irm\u00e3os de Ilh\u00e9us e, de igual modo, de outros Orientes tais como: Itabuna, Alcoba\u00e7a, Teixeira de Freitas, Salvador, Porto Seguro, Nanuque, Eun\u00e1polis, Caravelas, Jequi\u00e9, Vit\u00f3ria da Conquista, Belo Horizonte, Belmonte, Itanha\u00e7u, Brumado, Ubaitaba, Itacar\u00e9 dentre outros. Presen\u00e7a, tamb\u00e9m, de Irm\u00e3os da Grande Loja (GLEB).<\/p>\n<p style=\"text-align: center;\">Totalizado entre Fundadores e Honor\u00e1rios 50 Irm\u00e3os \u00a0presentes no hist\u00f3rico momento ma\u00e7\u00f4nico regional .<\/p>\n","protected":false},"excerpt":{"rendered":"<p>22 08 2015 A.\u2019. R.\u2019. L .\u2019. S \u00a0.\u2019. Sabedoria, Equil\u00edbrio e Poder Rua Carneiro da Rocha n\u00ba 175 (centro) GOB\/GOEB A diretoria provis\u00f3ria agradece a presen\u00e7a de Irm\u00e3os de Ilh\u00e9us e, de igual modo, de outros Orientes tais como: Itabuna, Alcoba\u00e7a, Teixeira de Freitas, Salvador, Porto Seguro, Nanuque, Eun\u00e1polis, Caravelas, Jequi\u00e9, Vit\u00f3ria da Conquista, [&hellip;]<\/p>\n","protected":false},"author":2,"featured_media":0,"comment_status":"open","ping_status":"open","sticky":false,"template":"","format":"standard","meta":{"_links_to":"","_links_to_target":""},"categories":[34],"tags":[],"_links":{"self":[{"href":"https:\/\/www.r2cpress.com.br\/v1\/wp-json\/wp\/v2\/posts\/95347"}],"collection":[{"href":"https:\/\/www.r2cpress.com.br\/v1\/wp-json\/wp\/v2\/posts"}],"about":[{"href":"https:\/\/www.r2cpress.com.br\/v1\/wp-json\/wp\/v2\/types\/post"}],"author":[{"embeddable":true,"href":"https:\/\/www.r2cpress.com.br\/v1\/wp-json\/wp\/v2\/users\/2"}],"replies":[{"embeddable":true,"href":"https:\/\/www.r2cpress.com.br\/v1\/wp-json\/wp\/v2\/comments?post=95347"}],"version-history":[{"count":1,"href":"https:\/\/www.r2cpress.com.br\/v1\/wp-json\/wp\/v2\/posts\/95347\/revisions"}],"predecessor-version":[{"id":95349,"href":"https:\/\/www.r2cpress.com.br\/v1\/wp-json\/wp\/v2\/posts\/95347\/revisions\/95349"}],"wp:attachment":[{"href":"https:\/\/www.r2cpress.com.br\/v1\/wp-json\/wp\/v2\/media?parent=95347"}],"wp:term":[{"taxonomy":"category","embeddable":true,"href":"https:\/\/www.r2cpress.com.br\/v1\/wp-json\/wp\/v2\/categories?post=95347"},{"taxonomy":"post_tag","embeddable":true,"href":"https:\/\/www.r2cpress.com.br\/v1\/wp-json\/wp\/v2\/tags?post=95347"}],"curies":[{"name":"wp","href":"https:\/\/api.w.org\/{rel}","templated":true}]}}