{"id":95365,"date":"2015-08-24T16:20:27","date_gmt":"2015-08-24T19:20:27","guid":{"rendered":"http:\/\/www.r2cpress.com.br\/v1\/?p=95365"},"modified":"2015-08-24T16:20:27","modified_gmt":"2015-08-24T19:20:27","slug":"prefeito-vistoria-obra-da-nova-sede-administrativa-de-ilheus","status":"publish","type":"post","link":"https:\/\/www.r2cpress.com.br\/v1\/2015\/08\/24\/prefeito-vistoria-obra-da-nova-sede-administrativa-de-ilheus\/","title":{"rendered":"Prefeito vistoria obra da nova sede administrativa de Ilh\u00e9us"},"content":{"rendered":"<p><em>Localizado no bairro Conquista, o pr\u00e9dio abrigar\u00e1 o gabinete do prefeito e do vice, a Procuradoria e a Controladoria, al\u00e9m de secretarias, e deve ficar pronto at\u00e9 o fim deste ano<\/em><\/p>\n<div id=\"attachment_95366\" style=\"width: 560px\" class=\"wp-caption aligncenter\"><a href=\"http:\/\/www.r2cpress.com.br\/v1\/wp-content\/uploads\/2015\/08\/O-prefeito-Jabes-Ribeiro-vistoria-a-obra-do-Novo-Centro-Administrativo-de-Ilh\u00e9us-Foto-Alfredo-Filho-Secom-Ilh\u00e9us-6.jpg\"><img aria-describedby=\"caption-attachment-95366\" loading=\"lazy\" class=\"size-full wp-image-95366\" src=\"http:\/\/www.r2cpress.com.br\/v1\/wp-content\/uploads\/2015\/08\/O-prefeito-Jabes-Ribeiro-vistoria-a-obra-do-Novo-Centro-Administrativo-de-Ilh\u00e9us-Foto-Alfredo-Filho-Secom-Ilh\u00e9us-6.jpg\" alt=\"O prefeito Jabes Ribeiro vistoria a obra  do Novo Centro Administrativo de Ilh\u00e9us  - Foto Alfredo Filho Secom Ilh\u00e9us.\" width=\"550\" height=\"367\" srcset=\"https:\/\/www.r2cpress.com.br\/v1\/wp-content\/uploads\/2015\/08\/O-prefeito-Jabes-Ribeiro-vistoria-a-obra-do-Novo-Centro-Administrativo-de-Ilh\u00e9us-Foto-Alfredo-Filho-Secom-Ilh\u00e9us-6.jpg 550w, https:\/\/www.r2cpress.com.br\/v1\/wp-content\/uploads\/2015\/08\/O-prefeito-Jabes-Ribeiro-vistoria-a-obra-do-Novo-Centro-Administrativo-de-Ilh\u00e9us-Foto-Alfredo-Filho-Secom-Ilh\u00e9us-6-300x200.jpg 300w\" sizes=\"(max-width: 550px) 100vw, 550px\" \/><\/a><p id=\"caption-attachment-95366\" class=\"wp-caption-text\">O prefeito Jabes Ribeiro vistoria a obra do Novo Centro Administrativo de Ilh\u00e9us &#8211; Foto Alfredo Filho Secom Ilh\u00e9us.<\/p><\/div>\n<p>A futura sede administrativa do Munic\u00edpio de Ilh\u00e9us, localizada no bairro da Conquista, est\u00e1 com 70% dos trabalhos conclu\u00eddos. As obras foram vistoriadas pelo prefeito Jabes Ribeiro e o vice, Carlos Machado (Cac\u00e1), no \u00faltimo s\u00e1bado, 22, pela manh\u00e3, acompanhados por secret\u00e1rios municipais. Na oportunidade, o prefeito recebeu a visita do deputado federal Carlos Cajado. A previs\u00e3o \u00e9 que o pr\u00e9dio fique pronto at\u00e9 o fim deste ano.<\/p>\n<p>O novo centro administrativo da Prefeitura de Ilh\u00e9us est\u00e1 sendo constru\u00eddo no local onde funcionava a antiga sede da Companhia de Eletricidade do Estado da Bahia (Coelba), desapropriado pelo munic\u00edpio em 2014. O projeto arquitet\u00f4nico elaborado pela Secretaria de Meio Ambiente e Urbanismo (Sema) readequou a base do antigo escrit\u00f3rio da Coelba \u00e0s demandas apresentadas pelo Gabinete do Prefeito.<\/p>\n<p>A sede administrativa na Conquista vai abrigar os gabinetes do Prefeito e do Vice-prefeito, a Procuradoria Geral (Proger), a Chefia de Gabinete, Controladoria Geral do Munic\u00edpio (CGM) e as secretarias de Comunica\u00e7\u00e3o Social (Secom) e de Rela\u00e7\u00f5es Institucionais (Serin). Tamb\u00e9m haver\u00e1 um mini audit\u00f3rio para eventos oficiais, sala de reuni\u00f5es, equipamentos de acessibilidade, como elevador e rampas, e contar\u00e1 com projeto paisag\u00edstico elaborado por t\u00e9cnicos da Universidade Livre do Mar e da Mata \u2013 Maramata.<\/p>\n<p>De acordo com o prefeito Jabes Ribeiro, as novas instala\u00e7\u00f5es proporcionar\u00e3o mais conforto aos servidores e melhor atendimento aos cidad\u00e3os. Ele afirmou que realizar\u00e1 peri\u00f3dicas vistorias ao equipamento, at\u00e9 a conclus\u00e3o do trabalho. Acompanharam o prefeito, durante a visita, os secret\u00e1rios de Meio Ambiente e Urbanismo, Antonio Vieira, de Rela\u00e7\u00f5es Institucionais, Frederico V\u00e9sper, de Comunica\u00e7\u00e3o, Val\u00e9rio de Magalh\u00e3es, de Infraestrutura, Isaac Albagli, al\u00e9m do presidente da Funda\u00e7\u00e3o Livre do Mar e da Mata, Frederico Andrade, e engenheiros respons\u00e1veis pela obra.<\/p>\n<p><strong>Futuro<\/strong> &#8211; O pr\u00e9dio hist\u00f3rico onde hoje funciona a sede da administra\u00e7\u00e3o, o Pal\u00e1cio Paranagu\u00e1, localizado na Pra\u00e7a JJ Seabra, no centro, ser\u00e1 transformado no museu da Capitania de Ilh\u00e9us. O equipamento servir\u00e1 de refer\u00eancia hist\u00f3rica para a cidade, e atender\u00e1 a demandas culturais, educacionais e de interesse tur\u00edstico. A iniciativa \u00e9 uma proposta do prefeito Jabes Ribeiro, como forma de garantir a preserva\u00e7\u00e3o da mem\u00f3ria do munic\u00edpio.<\/p>\n<p>De acordo com o secret\u00e1rio de Infraestrutura, Transportes e Tr\u00e2nsito, Isaac Albagli, respons\u00e1vel pela execu\u00e7\u00e3o da obra, a inten\u00e7\u00e3o do prefeito \u00e9 reunir outros setores da administra\u00e7\u00e3o municipal no espa\u00e7o do novo centro administrativo, como forma de dar celeridade aos procedimentos necess\u00e1rios ao funcionamento da m\u00e1quina p\u00fablica. \u201cO desejo \u00e9 colocar aqui todas as\u00a0pastas que, atualmente, funcionam em im\u00f3veis alugados, principalmente\u201d, informou Albagli.<\/p>\n","protected":false},"excerpt":{"rendered":"<p>Localizado no bairro Conquista, o pr\u00e9dio abrigar\u00e1 o gabinete do prefeito e do vice, a Procuradoria e a Controladoria, al\u00e9m de secretarias, e deve ficar pronto at\u00e9 o fim deste ano A futura sede administrativa do Munic\u00edpio de Ilh\u00e9us, localizada no bairro da Conquista, est\u00e1 com 70% dos trabalhos conclu\u00eddos. As obras foram vistoriadas pelo [&hellip;]<\/p>\n","protected":false},"author":2,"featured_media":0,"comment_status":"open","ping_status":"open","sticky":false,"template":"","format":"standard","meta":{"_links_to":"","_links_to_target":""},"categories":[23],"tags":[],"_links":{"self":[{"href":"https:\/\/www.r2cpress.com.br\/v1\/wp-json\/wp\/v2\/posts\/95365"}],"collection":[{"href":"https:\/\/www.r2cpress.com.br\/v1\/wp-json\/wp\/v2\/posts"}],"about":[{"href":"https:\/\/www.r2cpress.com.br\/v1\/wp-json\/wp\/v2\/types\/post"}],"author":[{"embeddable":true,"href":"https:\/\/www.r2cpress.com.br\/v1\/wp-json\/wp\/v2\/users\/2"}],"replies":[{"embeddable":true,"href":"https:\/\/www.r2cpress.com.br\/v1\/wp-json\/wp\/v2\/comments?post=95365"}],"version-history":[{"count":1,"href":"https:\/\/www.r2cpress.com.br\/v1\/wp-json\/wp\/v2\/posts\/95365\/revisions"}],"predecessor-version":[{"id":95367,"href":"https:\/\/www.r2cpress.com.br\/v1\/wp-json\/wp\/v2\/posts\/95365\/revisions\/95367"}],"wp:attachment":[{"href":"https:\/\/www.r2cpress.com.br\/v1\/wp-json\/wp\/v2\/media?parent=95365"}],"wp:term":[{"taxonomy":"category","embeddable":true,"href":"https:\/\/www.r2cpress.com.br\/v1\/wp-json\/wp\/v2\/categories?post=95365"},{"taxonomy":"post_tag","embeddable":true,"href":"https:\/\/www.r2cpress.com.br\/v1\/wp-json\/wp\/v2\/tags?post=95365"}],"curies":[{"name":"wp","href":"https:\/\/api.w.org\/{rel}","templated":true}]}}