{"id":95381,"date":"2015-08-25T10:17:24","date_gmt":"2015-08-25T13:17:24","guid":{"rendered":"http:\/\/www.r2cpress.com.br\/v1\/?p=95381"},"modified":"2015-08-25T10:17:24","modified_gmt":"2015-08-25T13:17:24","slug":"secretaria-de-saude-leva-servicos-as-comunidades-de-ilheus","status":"publish","type":"post","link":"https:\/\/www.r2cpress.com.br\/v1\/2015\/08\/25\/secretaria-de-saude-leva-servicos-as-comunidades-de-ilheus\/","title":{"rendered":"Secretaria de Sa\u00fade leva servi\u00e7os \u00e0s comunidades de Ilh\u00e9us"},"content":{"rendered":"<p><em>Com palestras, mutir\u00f5es e orienta\u00e7\u00e3o sobre cuidados com a sa\u00fade, a Sesau aproxima os servi\u00e7os oferecidos da comunidade<\/em><strong><br \/>\n<\/strong><\/p>\n<p>A Secretaria de Sa\u00fade de Ilh\u00e9us, atrav\u00e9s do Setor de Aten\u00e7\u00e3o B\u00e1sica, prossegue realizando mutir\u00f5es de atendimento. Na \u00faltima semana, pessoas atendidas pela Casa de Recupera\u00e7\u00e3o, localizada no bairro do S\u00e3o Miguel, na zona norte, tiveram \u00e0 disposi\u00e7\u00e3o servi\u00e7os como aferi\u00e7\u00e3o de press\u00e3o arterial, teste de glicemia, consulta com a equipe de enfermagem e odontol\u00f3gica, exame de detec\u00e7\u00e3o de HIV e S\u00edfilis e vacina\u00e7\u00e3o.<\/p>\n<p>Na oportunidade, segundo a coordenadora da Aten\u00e7\u00e3o B\u00e1sica, B\u00e1rbara Magalh\u00e3es, foram realizados 63 atendimentos. Os pacientes tamb\u00e9m assistiram a palestras sobre alimenta\u00e7\u00e3o saud\u00e1vel e preven\u00e7\u00e3o das Doen\u00e7as Sexualmente Transmiss\u00edveis. De acordo com Magalh\u00e3es, esse tipo de atividade permite levar \u00e0 popula\u00e7\u00e3o servi\u00e7os b\u00e1sicos, evitando que elas se desloquem constantemente \u00e0s unidades de sa\u00fade.<\/p>\n<p><strong>Orienta\u00e7\u00e3o \u2013<\/strong> Um dos objetivos da Secretaria de Sa\u00fade \u00e9 orientar a popula\u00e7\u00e3o quanto \u00e0 preven\u00e7\u00e3o e cuidados com a sa\u00fade. Nesse sentido, s\u00e3o realizadas atividades como palestras, orienta\u00e7\u00f5es e caminhada orientada com idosos. Os atendimentos desse tipo s\u00e3o oferecidos a pacientes dos bairros Nelson Costa e Barra, por exemplo.<\/p>\n<p>Da mesma forma, no dia \u00faltimo dia 20, a equipe de sa\u00fade do Posto de Sa\u00fade da Fam\u00edlia da Barra e o N\u00facleo de Apoio a Sa\u00fade da Fam\u00edlia (Nasf) realizaram atividade educativa com os homens que moram no bairro, sobre a preven\u00e7\u00e3o do c\u00e2ncer de pr\u00f3stata, alimenta\u00e7\u00e3o saud\u00e1vel e a import\u00e2ncia de comparecer \u00e0 unidade de sa\u00fade para prevenir as doen\u00e7as.<\/p>\n","protected":false},"excerpt":{"rendered":"<p>Com palestras, mutir\u00f5es e orienta\u00e7\u00e3o sobre cuidados com a sa\u00fade, a Sesau aproxima os servi\u00e7os oferecidos da comunidade A Secretaria de Sa\u00fade de Ilh\u00e9us, atrav\u00e9s do Setor de Aten\u00e7\u00e3o B\u00e1sica, prossegue realizando mutir\u00f5es de atendimento. Na \u00faltima semana, pessoas atendidas pela Casa de Recupera\u00e7\u00e3o, localizada no bairro do S\u00e3o Miguel, na zona norte, tiveram \u00e0 [&hellip;]<\/p>\n","protected":false},"author":2,"featured_media":0,"comment_status":"open","ping_status":"open","sticky":false,"template":"","format":"standard","meta":{"_links_to":"","_links_to_target":""},"categories":[23,24],"tags":[],"_links":{"self":[{"href":"https:\/\/www.r2cpress.com.br\/v1\/wp-json\/wp\/v2\/posts\/95381"}],"collection":[{"href":"https:\/\/www.r2cpress.com.br\/v1\/wp-json\/wp\/v2\/posts"}],"about":[{"href":"https:\/\/www.r2cpress.com.br\/v1\/wp-json\/wp\/v2\/types\/post"}],"author":[{"embeddable":true,"href":"https:\/\/www.r2cpress.com.br\/v1\/wp-json\/wp\/v2\/users\/2"}],"replies":[{"embeddable":true,"href":"https:\/\/www.r2cpress.com.br\/v1\/wp-json\/wp\/v2\/comments?post=95381"}],"version-history":[{"count":1,"href":"https:\/\/www.r2cpress.com.br\/v1\/wp-json\/wp\/v2\/posts\/95381\/revisions"}],"predecessor-version":[{"id":95382,"href":"https:\/\/www.r2cpress.com.br\/v1\/wp-json\/wp\/v2\/posts\/95381\/revisions\/95382"}],"wp:attachment":[{"href":"https:\/\/www.r2cpress.com.br\/v1\/wp-json\/wp\/v2\/media?parent=95381"}],"wp:term":[{"taxonomy":"category","embeddable":true,"href":"https:\/\/www.r2cpress.com.br\/v1\/wp-json\/wp\/v2\/categories?post=95381"},{"taxonomy":"post_tag","embeddable":true,"href":"https:\/\/www.r2cpress.com.br\/v1\/wp-json\/wp\/v2\/tags?post=95381"}],"curies":[{"name":"wp","href":"https:\/\/api.w.org\/{rel}","templated":true}]}}