{"id":95383,"date":"2015-08-25T14:35:05","date_gmt":"2015-08-25T17:35:05","guid":{"rendered":"http:\/\/www.r2cpress.com.br\/v1\/?p=95383"},"modified":"2015-08-25T14:35:05","modified_gmt":"2015-08-25T17:35:05","slug":"atuacao-da-oab-ba-na-greve-do-judiciario-serve-de-modelo-para-o-pais","status":"publish","type":"post","link":"https:\/\/www.r2cpress.com.br\/v1\/2015\/08\/25\/atuacao-da-oab-ba-na-greve-do-judiciario-serve-de-modelo-para-o-pais\/","title":{"rendered":"Atua\u00e7\u00e3o da OAB-BA na greve do Judici\u00e1rio serve de modelo para o pa\u00eds"},"content":{"rendered":"<div style=\"width: 610px\" class=\"wp-caption aligncenter\"><img loading=\"lazy\" class=\"\" src=\"http:\/\/cdn-oab.cworks.com.br\/\/uploads\/RTEmagicC_luiz_viana_marcus_vinicius.jpg.jpg\" alt=\"\" width=\"600\" height=\"450\" \/><p class=\"wp-caption-text\">OAB-BA<\/p><\/div>\n<p class=\"bodytext\">A atua\u00e7\u00e3o da OAB da Bahia durante a greve dos servidores do Judici\u00e1rio est\u00e1 servindo de modelo para o Conselho Federal da OAB (CFOAB) e suas seccionais no Pa\u00eds. O presidente nacional da OAB, Marcus Vin\u00edcius Furtado Co\u00ealho, protocolou na tarde desta segunda-feira (25) no Conselho Nacional de Justi\u00e7a (CNJ) uma peti\u00e7\u00e3o requerendo a extens\u00e3o, a todos os tribunais do Pa\u00eds, dos efeitos da liminar que garante o funcionamento da Justi\u00e7a mesmo durante a greve dos servidores, deferida a pedido da OAB Bahia. A peti\u00e7\u00e3o \u00e9 assinada pelo presidente Marcus Vin\u00edcius e pelo coordenador nacional do Col\u00e9gio de Presidentes de Seccionais da OAB, Valdet\u00e1rio Andrade Monteiro.<\/p>\n<p>No Pedido de Provid\u00eancias encaminhado ao CNJ, a OAB-BA havia requerido o imediato restabelecimento dos servi\u00e7os judici\u00e1rios do Tribunal Regional do Trabalho da 5\u00aa Regi\u00e3o (TRT5) o que lhe foi deferido, inclusive com corte de ponto dos servidores em greve. A liminar, assinada pelo conselheiro relator Fabiano Silveira, diz: &#8220;O tribunal deve zelar pela maior continuidade poss\u00edvel de todos os servi\u00e7os. \u00c9 leg\u00edtima a pretens\u00e3o da Requerente (OAB-BA) em assegurar o cumprimento dos direitos e garantias fundamentais dos advogados e cidad\u00e3os usu\u00e1rios do servi\u00e7o jurisdicional, com a presta\u00e7\u00e3o ininterrupta de todos os servi\u00e7os jurisdicionais do tribunal requerido\u201d.<\/p>\n<p>&#8220;A OAB da Bahia vem demonstrando sua coragem e seu compromisso no enfrentamento da crise do Judici\u00e1rio, das viola\u00e7\u00f5es de prerrogativas e dos demais problemas que afligem os advogados baianos e agora nossa atua\u00e7\u00e3o na greve da Justi\u00e7a est\u00e1 servindo de refer\u00eancia para o Conselho Federal e\u00a0 para as outras seccionais do pa\u00eds&#8221;, afirma o presidente Luiz Viana Queiroz. &#8220;\u00c9 a OAB da Bahia capitaneando a nau contra o vento&#8221;, completa.<\/p>\n<p class=\"bodytext\">\u00a0Foto: Angelino de Jesus<\/p>\n<p class=\"bodytext\">OAB-BA:<\/p>\n<p>http:\/\/www.oab-ba.org.br\/single-noticias\/noticia\/atuacao-da-oab-ba-na-greve-do-judiciario-serve-de-modelo-para-o-pais\/?cHash=1f35028b1f8ffa1f6df392374758acce<\/p>\n","protected":false},"excerpt":{"rendered":"<p>A atua\u00e7\u00e3o da OAB da Bahia durante a greve dos servidores do Judici\u00e1rio est\u00e1 servindo de modelo para o Conselho Federal da OAB (CFOAB) e suas seccionais no Pa\u00eds. O presidente nacional da OAB, Marcus Vin\u00edcius Furtado Co\u00ealho, protocolou na tarde desta segunda-feira (25) no Conselho Nacional de Justi\u00e7a (CNJ) uma peti\u00e7\u00e3o requerendo a extens\u00e3o, [&hellip;]<\/p>\n","protected":false},"author":2,"featured_media":0,"comment_status":"open","ping_status":"open","sticky":false,"template":"","format":"standard","meta":{"_links_to":"","_links_to_target":""},"categories":[13,16],"tags":[],"_links":{"self":[{"href":"https:\/\/www.r2cpress.com.br\/v1\/wp-json\/wp\/v2\/posts\/95383"}],"collection":[{"href":"https:\/\/www.r2cpress.com.br\/v1\/wp-json\/wp\/v2\/posts"}],"about":[{"href":"https:\/\/www.r2cpress.com.br\/v1\/wp-json\/wp\/v2\/types\/post"}],"author":[{"embeddable":true,"href":"https:\/\/www.r2cpress.com.br\/v1\/wp-json\/wp\/v2\/users\/2"}],"replies":[{"embeddable":true,"href":"https:\/\/www.r2cpress.com.br\/v1\/wp-json\/wp\/v2\/comments?post=95383"}],"version-history":[{"count":2,"href":"https:\/\/www.r2cpress.com.br\/v1\/wp-json\/wp\/v2\/posts\/95383\/revisions"}],"predecessor-version":[{"id":95385,"href":"https:\/\/www.r2cpress.com.br\/v1\/wp-json\/wp\/v2\/posts\/95383\/revisions\/95385"}],"wp:attachment":[{"href":"https:\/\/www.r2cpress.com.br\/v1\/wp-json\/wp\/v2\/media?parent=95383"}],"wp:term":[{"taxonomy":"category","embeddable":true,"href":"https:\/\/www.r2cpress.com.br\/v1\/wp-json\/wp\/v2\/categories?post=95383"},{"taxonomy":"post_tag","embeddable":true,"href":"https:\/\/www.r2cpress.com.br\/v1\/wp-json\/wp\/v2\/tags?post=95383"}],"curies":[{"name":"wp","href":"https:\/\/api.w.org\/{rel}","templated":true}]}}