{"id":95391,"date":"2015-08-25T20:33:19","date_gmt":"2015-08-25T23:33:19","guid":{"rendered":"http:\/\/www.r2cpress.com.br\/v1\/?p=95391"},"modified":"2015-08-25T20:33:19","modified_gmt":"2015-08-25T23:33:19","slug":"ilheus-dia-do-macom","status":"publish","type":"post","link":"https:\/\/www.r2cpress.com.br\/v1\/2015\/08\/25\/ilheus-dia-do-macom\/","title":{"rendered":"ILH\u00c9US \/ DIA DO MA\u00c7OM"},"content":{"rendered":"<p>Comemora\u00e7\u00e3o do Dia do Ma\u00e7om na Loja Vigil\u00e2ncia e Resist\u00eancia n. 70, realizada no dia 20\/08 conjuntamente com as LLoj.\u2019. ELIAS OCK\u00c9, REGENERA\u00c7\u00c3O SUL BAIANA e ECOLOGIA e\u00a0 FRATERNIDADE ITACAREENSE.<\/p>\n<div id=\"attachment_95392\" style=\"width: 610px\" class=\"wp-caption aligncenter\"><a href=\"http:\/\/www.r2cpress.com.br\/v1\/wp-content\/uploads\/2015\/08\/CAPA4.jpg\"><img aria-describedby=\"caption-attachment-95392\" loading=\"lazy\" class=\"size-full wp-image-95392\" src=\"http:\/\/www.r2cpress.com.br\/v1\/wp-content\/uploads\/2015\/08\/CAPA4.jpg\" alt=\"Ilh\u00e9us \/ Dia do Ma\u00e7om 20 08 2015\" width=\"600\" height=\"600\" srcset=\"https:\/\/www.r2cpress.com.br\/v1\/wp-content\/uploads\/2015\/08\/CAPA4.jpg 600w, https:\/\/www.r2cpress.com.br\/v1\/wp-content\/uploads\/2015\/08\/CAPA4-150x150.jpg 150w, https:\/\/www.r2cpress.com.br\/v1\/wp-content\/uploads\/2015\/08\/CAPA4-300x300.jpg 300w\" sizes=\"(max-width: 600px) 100vw, 600px\" \/><\/a><p id=\"caption-attachment-95392\" class=\"wp-caption-text\">Ilh\u00e9us \/ Dia do Ma\u00e7om \/ 20 08 2015<\/p><\/div>\n<p>Estiveram presentes mais de 130 pessoas, sendo 59 IIr.\u2019., al\u00e9m do Delegado da GLEB representando o Ser.\u2019. Gr.\u2019. Mest.\u2019., cunhadas, sobrinhas e sobrinhos das LLoj.\u2019. Ma\u00e7\u00f4nicas organizadoras.<\/p>\n<p>Os trabalhos foram presididos pelo Ven.\u2019. Mest.\u2019. da Loja Vigil\u00e2ncia e Resist\u00eancia n. 70, anfitri\u00e3, filiada a GLEB, Ir.\u2019. Jos\u00e9 Augusto Carvalho, compondo o trono o Del.\u2019. Distr.\u2019. do Gr.\u2019. Mest.\u2019. da GLEB o Ir.\u2019. Luiz Cesar de Almeida, os VVen.\u2019. MMest.\u2019. das LLoj.\u2019. Elias Ock\u00e9 Ir.\u2019. Aurelito Lorenz, da Regenera\u00e7\u00e3o Sul Bahiana Ir.\u2019. Silvio Reis, da Ecologia e Fraternidade Itacareense o Ir.\u2019. Jos\u00e9 Eduardo Silva e o Ven.\u2019. de honra da Vigil\u00e2ncia e Resist\u00eancia o Ir.\u2019. Geraldo Sampaio.<\/p>\n<p>A solenidade constou de palestra sobre a Hist\u00f3ria da Ma\u00e7onaria na atualidade, enfocando a fam\u00edlia e Ma\u00e7ons, proferida pelo Ir.\u2019. \u00a0e Professor Arl\u00e9o Barbosa.<\/p>\n<p>A Presidente do Clube da Fraternidade da Vigil\u00e2ncia e Resist\u00eancia, a cunhada NEIDE SILVEIRA DE SOUZA, fez uso da palavra saudando os Ma\u00e7ons em nome de todas as cunhadas presentes naquela oportunidade, solicitando mais uni\u00e3o e harmonia entre todos.<\/p>\n<p>Posteriormente o Ir.\u2019. Orad.\u2019. da Vigil\u00e2ncia e Resist\u00eancia saudou os visitantes, cunhadas, convidados em nome de todas as LLoj.\u2019. presente, agradecendo a presen\u00e7a de todos, ao palestrante pelo brilhantismo de suas coloca\u00e7\u00f5es, que presenteou-nos com uma bel\u00edssima aula ma\u00e7\u00f4nica.<\/p>\n<p>O representante do Gr.\u2019. Mest.\u2019. , Ir.\u2019. Del.\u2019. Luiz Cesar de Almeida, saudou o palestrante Ir.\u2019. Arl\u00e9o Barbosa, que teria sido seu professor outrora, e em nome do Gr.\u2019. Mestre saudando todos os presentes.<\/p>\n<p>A seguir o Ven.\u2019. Ir.\u2019. Jos\u00e9 Augusto Carvalho deu por encerrado os trabalhos no tempo da Vigil\u00e2ncia e Resist\u00eancia, convidando todos para um coquetel que fora organizado por nossas cunhadas e patrocinadas pelas LLoj.\u2019. Ma\u00e7\u00f4nicas.<\/p>\n<p>Foi realmente uma confraterniza\u00e7\u00e3o entre todos os presentes a este evento, tudo com muito requinte, pois havia espa\u00e7o suficiente para que todos circulassem descontraidamente, que h\u00e1 muito n\u00e3o se registrava. Segundo muitos Ma\u00e7ons e cunhadas, afirmavam que nunca tinham participado de momento t\u00e3o emocionante com a Ma\u00e7onaria, apesar de possuir mais de 30 ou 40 anos que pertence a ordem ma\u00e7\u00f4nica.<\/p>\n<p>&#8212;<\/p>\n<p><em><strong>Informa\u00e7\u00f5es e Fotos:\u00a0 Ir.\u2019. Jos\u00e9 Augusto Carvalho<\/strong><\/em><\/p>\n","protected":false},"excerpt":{"rendered":"<p>Comemora\u00e7\u00e3o do Dia do Ma\u00e7om na Loja Vigil\u00e2ncia e Resist\u00eancia n. 70, realizada no dia 20\/08 conjuntamente com as LLoj.\u2019. ELIAS OCK\u00c9, REGENERA\u00c7\u00c3O SUL BAIANA e ECOLOGIA e\u00a0 FRATERNIDADE ITACAREENSE. Estiveram presentes mais de 130 pessoas, sendo 59 IIr.\u2019., al\u00e9m do Delegado da GLEB representando o Ser.\u2019. Gr.\u2019. Mest.\u2019., cunhadas, sobrinhas e sobrinhos das LLoj.\u2019. [&hellip;]<\/p>\n","protected":false},"author":2,"featured_media":0,"comment_status":"open","ping_status":"open","sticky":false,"template":"","format":"standard","meta":{"_links_to":"","_links_to_target":""},"categories":[34],"tags":[],"_links":{"self":[{"href":"https:\/\/www.r2cpress.com.br\/v1\/wp-json\/wp\/v2\/posts\/95391"}],"collection":[{"href":"https:\/\/www.r2cpress.com.br\/v1\/wp-json\/wp\/v2\/posts"}],"about":[{"href":"https:\/\/www.r2cpress.com.br\/v1\/wp-json\/wp\/v2\/types\/post"}],"author":[{"embeddable":true,"href":"https:\/\/www.r2cpress.com.br\/v1\/wp-json\/wp\/v2\/users\/2"}],"replies":[{"embeddable":true,"href":"https:\/\/www.r2cpress.com.br\/v1\/wp-json\/wp\/v2\/comments?post=95391"}],"version-history":[{"count":1,"href":"https:\/\/www.r2cpress.com.br\/v1\/wp-json\/wp\/v2\/posts\/95391\/revisions"}],"predecessor-version":[{"id":95393,"href":"https:\/\/www.r2cpress.com.br\/v1\/wp-json\/wp\/v2\/posts\/95391\/revisions\/95393"}],"wp:attachment":[{"href":"https:\/\/www.r2cpress.com.br\/v1\/wp-json\/wp\/v2\/media?parent=95391"}],"wp:term":[{"taxonomy":"category","embeddable":true,"href":"https:\/\/www.r2cpress.com.br\/v1\/wp-json\/wp\/v2\/categories?post=95391"},{"taxonomy":"post_tag","embeddable":true,"href":"https:\/\/www.r2cpress.com.br\/v1\/wp-json\/wp\/v2\/tags?post=95391"}],"curies":[{"name":"wp","href":"https:\/\/api.w.org\/{rel}","templated":true}]}}