{"id":95394,"date":"2015-08-25T21:57:38","date_gmt":"2015-08-26T00:57:38","guid":{"rendered":"http:\/\/www.r2cpress.com.br\/v1\/?p=95394"},"modified":"2015-08-25T21:57:38","modified_gmt":"2015-08-26T00:57:38","slug":"representantes-do-governo-visitam-a-obra-do-centro-olimpico-de-natacao-da-bahia","status":"publish","type":"post","link":"https:\/\/www.r2cpress.com.br\/v1\/2015\/08\/25\/representantes-do-governo-visitam-a-obra-do-centro-olimpico-de-natacao-da-bahia\/","title":{"rendered":"Representantes do Governo visitam a obra do Centro Ol\u00edmpico de Nata\u00e7\u00e3o da Bahia"},"content":{"rendered":"<p>Nesta quarta-feira 26, representantes do Governo do Estado realizam uma visita ao Centro Ol\u00edmpico de Nata\u00e7\u00e3o da Bahia (Piscina da Fundac). Participam da visita, o secret\u00e1rio do Trabalho e Esporte, \u00c1lvaro Gomes; o diretor-geral da Sudeb, Elias Dourado; o coordenador de esporte da Setre, Dorival Santana e a diretoria da empresa Volque, respons\u00e1vel pela constru\u00e7\u00e3o.<\/p>\n<p>Com 70% das obras f\u00edsicas realizadas, o equipamento atende aos padr\u00f5es internacionais da Federa\u00e7\u00e3o Internacional de Nata\u00e7\u00e3o \u2013 Fina. O projeto da piscina ol\u00edmpica emprega o que h\u00e1 de mais moderno em tecnologia neste tipo de constru\u00e7\u00e3o com vista a oferecer melhores condi\u00e7\u00f5es para atua\u00e7\u00e3o dos atletas, e \u00e9 dotado ainda de uma piscina semiol\u00edmpica para aquecimento.<\/p>\n<p>O investimento das duas etapas iniciais \u00e9 da ordem de R$ 13 milh\u00f5es. A piscina ol\u00edmpica poder\u00e1 receber provas de Nado Sincronizado e P\u00f3lo Aqu\u00e1tico. Os outros equipamentos que ser\u00e3o constru\u00eddos na terceira e \u00faltima etapa das obras ser\u00e3o: arquibancadas para 500 pessoas em assentos individuais; vesti\u00e1rios para atletas; m\u00f3dulo de apoio t\u00e9cnico; m\u00f3dulo de Administra\u00e7\u00e3o; sanit\u00e1rios para o p\u00fablico e estacionamento com 72 vagas (com \u00e1rea para \u00f4nibus).<\/p>\n","protected":false},"excerpt":{"rendered":"<p>Nesta quarta-feira 26, representantes do Governo do Estado realizam uma visita ao Centro Ol\u00edmpico de Nata\u00e7\u00e3o da Bahia (Piscina da Fundac). Participam da visita, o secret\u00e1rio do Trabalho e Esporte, \u00c1lvaro Gomes; o diretor-geral da Sudeb, Elias Dourado; o coordenador de esporte da Setre, Dorival Santana e a diretoria da empresa Volque, respons\u00e1vel pela constru\u00e7\u00e3o. [&hellip;]<\/p>\n","protected":false},"author":2,"featured_media":0,"comment_status":"open","ping_status":"open","sticky":false,"template":"","format":"standard","meta":{"_links_to":"","_links_to_target":""},"categories":[11,29],"tags":[],"_links":{"self":[{"href":"https:\/\/www.r2cpress.com.br\/v1\/wp-json\/wp\/v2\/posts\/95394"}],"collection":[{"href":"https:\/\/www.r2cpress.com.br\/v1\/wp-json\/wp\/v2\/posts"}],"about":[{"href":"https:\/\/www.r2cpress.com.br\/v1\/wp-json\/wp\/v2\/types\/post"}],"author":[{"embeddable":true,"href":"https:\/\/www.r2cpress.com.br\/v1\/wp-json\/wp\/v2\/users\/2"}],"replies":[{"embeddable":true,"href":"https:\/\/www.r2cpress.com.br\/v1\/wp-json\/wp\/v2\/comments?post=95394"}],"version-history":[{"count":2,"href":"https:\/\/www.r2cpress.com.br\/v1\/wp-json\/wp\/v2\/posts\/95394\/revisions"}],"predecessor-version":[{"id":95396,"href":"https:\/\/www.r2cpress.com.br\/v1\/wp-json\/wp\/v2\/posts\/95394\/revisions\/95396"}],"wp:attachment":[{"href":"https:\/\/www.r2cpress.com.br\/v1\/wp-json\/wp\/v2\/media?parent=95394"}],"wp:term":[{"taxonomy":"category","embeddable":true,"href":"https:\/\/www.r2cpress.com.br\/v1\/wp-json\/wp\/v2\/categories?post=95394"},{"taxonomy":"post_tag","embeddable":true,"href":"https:\/\/www.r2cpress.com.br\/v1\/wp-json\/wp\/v2\/tags?post=95394"}],"curies":[{"name":"wp","href":"https:\/\/api.w.org\/{rel}","templated":true}]}}