{"id":95401,"date":"2015-08-25T22:49:02","date_gmt":"2015-08-26T01:49:02","guid":{"rendered":"http:\/\/www.r2cpress.com.br\/v1\/?p=95401"},"modified":"2015-08-25T22:49:02","modified_gmt":"2015-08-26T01:49:02","slug":"corpo-de-bombeiros-militar-da-bahia-tem-primeiro-comandante-depois-da-emancipacao","status":"publish","type":"post","link":"https:\/\/www.r2cpress.com.br\/v1\/2015\/08\/25\/corpo-de-bombeiros-militar-da-bahia-tem-primeiro-comandante-depois-da-emancipacao\/","title":{"rendered":"Corpo de Bombeiros Militar da Bahia tem primeiro comandante depois da emancipa\u00e7\u00e3o"},"content":{"rendered":"<p>O primeiro comandante-geral do Corpo de Bombeiros Militar da Bahia, o coronel Francisco Luiz Telles de Macedo, tomou posse nesta ter\u00e7a-feira (25), em cerim\u00f4nia realizada na sede do 10\u00ba Grupamento de Bombeiros Militar (GBM), em Sim\u00f5es Filho, na Regi\u00e3o Metropolitana de Salvador. A solenidade marca o in\u00edcio do primeiro comando desde a emancipa\u00e7\u00e3o da Pol\u00edcia Militar, em novembro de 2014.<br \/>\nNomeado para o cargo no \u00faltimo dia 14, atrav\u00e9s de publica\u00e7\u00e3o no Di\u00e1rio Ofical do Estado, o coronel afirmou que pretende usar a autonomia dos Bombeiros para melhorar ainda mais o servi\u00e7o prestado \u00e0 popula\u00e7\u00e3o e empregar os recursos para isso. O primeiro comandante-geral falou com emo\u00e7\u00e3o sobre a chegada dele ao Corpo de Bombeiros, da trajet\u00f3ria desde o Col\u00e9gio da Pol\u00edcia Militar at\u00e9 a academia.<br \/>\nO coronel Francisco Telles homenageou familiares como a m\u00e3e, pai, av\u00f3, madrinha, esposa e filhos. Ele falou \u00e0 corpora\u00e7\u00e3o sobre o trabalho nessa nova etapa. &#8220;A palavra de ordem \u00e9 comprometimento para que cada um dos nossos oficiais possam ajudar na constru\u00e7\u00e3o de uma sociedade melhor. Desde j\u00e1, firmo o compromisso de servir com a dedica\u00e7\u00e3o e empenho com que venho trabalhando desde o dia em que escolhi cumprir a miss\u00e3o de ser militar&#8221;.<br \/>\nInova\u00e7\u00f5es legais<br \/>\nO secret\u00e1rio de Seguran\u00e7a P\u00fablica do Estado, Maur\u00edcio Barbosa, e outras autoridades prestigiaram a posse do novo comandante-geral. Para o secret\u00e1rio, o momento marca o come\u00e7o da nova fase de autonomia administrativa, or\u00e7ament\u00e1ria e financeira, que vem juntamente com outras inova\u00e7\u00f5es legais, como o C\u00f3digo de Preven\u00e7\u00e3o a Inc\u00eandios.<br \/>\n&#8220;Estamos aqui para saudar e prestigiar todos os 2.300 oficiais que fazem parte do Corpo de Bombeiros e que n\u00e3o poderiam escolher uma data melhor para essa celebra\u00e7\u00e3o, sen\u00e3o o dia 25 de agosto, quando tamb\u00e9m se comemora o Dia do Soldado. A dedica\u00e7\u00e3o desses profissionais com a vida da sociedade \u00e9 algo que merece a homenagem&#8221;, falou o secret\u00e1rio.<br \/>\nCurr\u00edculo<br \/>\nCom 42 anos dedicados \u00e0 PM, e 12 destes ao Corpo de Bombeiros, o coronel Francisco Luiz Telles de Macedo trabalhava como diretor de Planejamento, Or\u00e7amento e Gest\u00e3o da Pol\u00edcia Militar, antes da nomea\u00e7\u00e3o. Acumula experi\u00eancia como coordenador de a\u00e7\u00f5es dos CBM em grandes eventos como o Carnaval de Salvador, al\u00e9m de ser respons\u00e1vel pela implanta\u00e7\u00e3o do atual modelo de gest\u00e3o desse tipo. Al\u00e9m disso, em sua trajet\u00f3ria, tamb\u00e9m j\u00e1 comandou o Grupamento de Bombeiros de Jequi\u00e9 e de Feira de Santana.<br \/>\n&#8230;<br \/>\nSecom  &#8211; Secretaria de Comunica\u00e7\u00e3o Social &#8211; Governo da Bahia<\/p>\n","protected":false},"excerpt":{"rendered":"<p>O primeiro comandante-geral do Corpo de Bombeiros Militar da Bahia, o coronel Francisco Luiz Telles de Macedo, tomou posse nesta ter\u00e7a-feira (25), em cerim\u00f4nia realizada na sede do 10\u00ba Grupamento de Bombeiros Militar (GBM), em Sim\u00f5es Filho, na Regi\u00e3o Metropolitana de Salvador. A solenidade marca o in\u00edcio do primeiro comando desde a emancipa\u00e7\u00e3o da Pol\u00edcia [&hellip;]<\/p>\n","protected":false},"author":2,"featured_media":0,"comment_status":"open","ping_status":"open","sticky":false,"template":"","format":"standard","meta":{"_links_to":"","_links_to_target":""},"categories":[29,25],"tags":[],"_links":{"self":[{"href":"https:\/\/www.r2cpress.com.br\/v1\/wp-json\/wp\/v2\/posts\/95401"}],"collection":[{"href":"https:\/\/www.r2cpress.com.br\/v1\/wp-json\/wp\/v2\/posts"}],"about":[{"href":"https:\/\/www.r2cpress.com.br\/v1\/wp-json\/wp\/v2\/types\/post"}],"author":[{"embeddable":true,"href":"https:\/\/www.r2cpress.com.br\/v1\/wp-json\/wp\/v2\/users\/2"}],"replies":[{"embeddable":true,"href":"https:\/\/www.r2cpress.com.br\/v1\/wp-json\/wp\/v2\/comments?post=95401"}],"version-history":[{"count":3,"href":"https:\/\/www.r2cpress.com.br\/v1\/wp-json\/wp\/v2\/posts\/95401\/revisions"}],"predecessor-version":[{"id":95404,"href":"https:\/\/www.r2cpress.com.br\/v1\/wp-json\/wp\/v2\/posts\/95401\/revisions\/95404"}],"wp:attachment":[{"href":"https:\/\/www.r2cpress.com.br\/v1\/wp-json\/wp\/v2\/media?parent=95401"}],"wp:term":[{"taxonomy":"category","embeddable":true,"href":"https:\/\/www.r2cpress.com.br\/v1\/wp-json\/wp\/v2\/categories?post=95401"},{"taxonomy":"post_tag","embeddable":true,"href":"https:\/\/www.r2cpress.com.br\/v1\/wp-json\/wp\/v2\/tags?post=95401"}],"curies":[{"name":"wp","href":"https:\/\/api.w.org\/{rel}","templated":true}]}}