{"id":95414,"date":"2015-08-26T10:52:26","date_gmt":"2015-08-26T13:52:26","guid":{"rendered":"http:\/\/www.r2cpress.com.br\/v1\/?p=95414"},"modified":"2015-08-26T10:52:26","modified_gmt":"2015-08-26T13:52:26","slug":"prefeitura-de-ilheus-convoca-aposentados-e-pensionistas-para-recadastramento","status":"publish","type":"post","link":"https:\/\/www.r2cpress.com.br\/v1\/2015\/08\/26\/prefeitura-de-ilheus-convoca-aposentados-e-pensionistas-para-recadastramento\/","title":{"rendered":"Prefeitura de Ilh\u00e9us convoca aposentados e pensionistas para recadastramento"},"content":{"rendered":"<p><em>Atualiza\u00e7\u00e3o dos dados deve ser feita at\u00e9 o dia 10 de setembro, a fim de evitar fraudes no recebimento dos pagamentos<\/em><\/p>\n<p>A Prefeitura de Ilh\u00e9us, atrav\u00e9s da portaria n\u00b0 411\/2015 da Secretaria de Administra\u00e7\u00e3o, convoca aposentados e pensionistas vinculados ao munic\u00edpio para que renovem seus cadastros junto \u00e0 Ger\u00eancia de Recursos Humanos. O prazo para apresenta\u00e7\u00e3o dos documentos est\u00e1 aberto at\u00e9 o dia 10 de setembro e deve ser feita no segundo andar do Anexo de Secretarias, localizado \u00e0 Rua Santos Dumont, s\/n, das 08 \u00e0s 12h e das 13h30min \u00e0s 18h.<\/p>\n<p>De acordo com o gerente de RH do munic\u00edpio, Wladimir Hughes, o recadastramento desse grupo se faz necess\u00e1rio para atualizar o banco de dados da folha de pagamento, al\u00e9m de servir para comprovar que aposentados e pensionistas est\u00e3o vivos, a chamada prova de vida, evitando fraudes no recebimento dos benef\u00edcios.<\/p>\n<p>Para atualizar os dados, os pr\u00f3prios benefici\u00e1rios devem se apresentar ao setor, munidos de c\u00f3pia e original do Registro Geral (RG), do Cadastro de Pessoa F\u00edsica (CPF) e comprovante de residencial atualizado. O gerente enfatiza que, em caso de doen\u00e7a grave ou aus\u00eancia de domic\u00edlio, devidamente comprovadas, o recadastramento pode ser feito por meio de procura\u00e7\u00e3o ou com visita previamente agendada.<\/p>\n<p><strong>Suspens\u00e3o &#8211;<\/strong> A portaria n\u00b0 411\/2015, que convoca o recadastramento, prev\u00ea a suspens\u00e3o imediata do pagamento mensal realizado ao aposentado ou pensionista que n\u00e3o se apresentar \u00e0 Ger\u00eancia de Recursos Humanos do Munic\u00edpio no prazo estabelecido.<\/p>\n","protected":false},"excerpt":{"rendered":"<p>Atualiza\u00e7\u00e3o dos dados deve ser feita at\u00e9 o dia 10 de setembro, a fim de evitar fraudes no recebimento dos pagamentos A Prefeitura de Ilh\u00e9us, atrav\u00e9s da portaria n\u00b0 411\/2015 da Secretaria de Administra\u00e7\u00e3o, convoca aposentados e pensionistas vinculados ao munic\u00edpio para que renovem seus cadastros junto \u00e0 Ger\u00eancia de Recursos Humanos. O prazo para [&hellip;]<\/p>\n","protected":false},"author":2,"featured_media":0,"comment_status":"open","ping_status":"open","sticky":false,"template":"","format":"standard","meta":{"_links_to":"","_links_to_target":""},"categories":[23],"tags":[],"_links":{"self":[{"href":"https:\/\/www.r2cpress.com.br\/v1\/wp-json\/wp\/v2\/posts\/95414"}],"collection":[{"href":"https:\/\/www.r2cpress.com.br\/v1\/wp-json\/wp\/v2\/posts"}],"about":[{"href":"https:\/\/www.r2cpress.com.br\/v1\/wp-json\/wp\/v2\/types\/post"}],"author":[{"embeddable":true,"href":"https:\/\/www.r2cpress.com.br\/v1\/wp-json\/wp\/v2\/users\/2"}],"replies":[{"embeddable":true,"href":"https:\/\/www.r2cpress.com.br\/v1\/wp-json\/wp\/v2\/comments?post=95414"}],"version-history":[{"count":1,"href":"https:\/\/www.r2cpress.com.br\/v1\/wp-json\/wp\/v2\/posts\/95414\/revisions"}],"predecessor-version":[{"id":95415,"href":"https:\/\/www.r2cpress.com.br\/v1\/wp-json\/wp\/v2\/posts\/95414\/revisions\/95415"}],"wp:attachment":[{"href":"https:\/\/www.r2cpress.com.br\/v1\/wp-json\/wp\/v2\/media?parent=95414"}],"wp:term":[{"taxonomy":"category","embeddable":true,"href":"https:\/\/www.r2cpress.com.br\/v1\/wp-json\/wp\/v2\/categories?post=95414"},{"taxonomy":"post_tag","embeddable":true,"href":"https:\/\/www.r2cpress.com.br\/v1\/wp-json\/wp\/v2\/tags?post=95414"}],"curies":[{"name":"wp","href":"https:\/\/api.w.org\/{rel}","templated":true}]}}