{"id":95423,"date":"2015-08-26T14:52:11","date_gmt":"2015-08-26T17:52:11","guid":{"rendered":"http:\/\/www.r2cpress.com.br\/v1\/?p=95423"},"modified":"2015-08-26T14:52:29","modified_gmt":"2015-08-26T17:52:29","slug":"95423","status":"publish","type":"post","link":"https:\/\/www.r2cpress.com.br\/v1\/2015\/08\/26\/95423\/","title":{"rendered":""},"content":{"rendered":"<p style=\"text-align: center;\"><strong>CONSELHO MUNICIPAL DE CULTURA DE ILH\u00c9US<\/strong><\/p>\n<p style=\"text-align: center;\"><strong>LEI N. 3.539 DE MAR\u00c7O DE 2011<\/strong><\/p>\n<p style=\"text-align: center;\"><strong>Convoca\u00e7\u00e3o<\/strong><\/p>\n<p>O Presidente do CMC Gilsonei Rodrigues Santos no uso de suas atribui\u00e7\u00f5es vem por meio deste convocar a assembleia geral, para a Reuni\u00e3o Ordin\u00e1ria do Conselho municipal De Cultura de Ilh\u00e9us, a ser realizada dia 27 de Agosto (quinta-feira), \u00e1s 17 h, no audit\u00f3rio da Biblioteca P\u00fablica Municipal\u00a0Adonias Filho, na P\u00e7. Castro Alves com a seguinte pauta: Sistema Municipal de Cultura (Mudan\u00e7as na Lei do Conselho e na Lei do Fundo); Projetos Ouro Negro e Festival Liter\u00e1rio; Editais do MinC. e o que ocorrer.<\/p>\n<p style=\"text-align: center;\">Vamos juntos construir, a cultura que queremos!!!<\/p>\n<p style=\"text-align: center;\">Att.<\/p>\n<p style=\"text-align: center;\">Gilsonei Rodrigues Santos<\/p>\n<p style=\"text-align: center;\">Presidente do CMC<\/p>\n","protected":false},"excerpt":{"rendered":"<p>CONSELHO MUNICIPAL DE CULTURA DE ILH\u00c9US LEI N. 3.539 DE MAR\u00c7O DE 2011 Convoca\u00e7\u00e3o O Presidente do CMC Gilsonei Rodrigues Santos no uso de suas atribui\u00e7\u00f5es vem por meio deste convocar a assembleia geral, para a Reuni\u00e3o Ordin\u00e1ria do Conselho municipal De Cultura de Ilh\u00e9us, a ser realizada dia 27 de Agosto (quinta-feira), \u00e1s 17 [&hellip;]<\/p>\n","protected":false},"author":2,"featured_media":0,"comment_status":"open","ping_status":"open","sticky":false,"template":"","format":"standard","meta":{"_links_to":"","_links_to_target":""},"categories":[5],"tags":[],"_links":{"self":[{"href":"https:\/\/www.r2cpress.com.br\/v1\/wp-json\/wp\/v2\/posts\/95423"}],"collection":[{"href":"https:\/\/www.r2cpress.com.br\/v1\/wp-json\/wp\/v2\/posts"}],"about":[{"href":"https:\/\/www.r2cpress.com.br\/v1\/wp-json\/wp\/v2\/types\/post"}],"author":[{"embeddable":true,"href":"https:\/\/www.r2cpress.com.br\/v1\/wp-json\/wp\/v2\/users\/2"}],"replies":[{"embeddable":true,"href":"https:\/\/www.r2cpress.com.br\/v1\/wp-json\/wp\/v2\/comments?post=95423"}],"version-history":[{"count":2,"href":"https:\/\/www.r2cpress.com.br\/v1\/wp-json\/wp\/v2\/posts\/95423\/revisions"}],"predecessor-version":[{"id":95425,"href":"https:\/\/www.r2cpress.com.br\/v1\/wp-json\/wp\/v2\/posts\/95423\/revisions\/95425"}],"wp:attachment":[{"href":"https:\/\/www.r2cpress.com.br\/v1\/wp-json\/wp\/v2\/media?parent=95423"}],"wp:term":[{"taxonomy":"category","embeddable":true,"href":"https:\/\/www.r2cpress.com.br\/v1\/wp-json\/wp\/v2\/categories?post=95423"},{"taxonomy":"post_tag","embeddable":true,"href":"https:\/\/www.r2cpress.com.br\/v1\/wp-json\/wp\/v2\/tags?post=95423"}],"curies":[{"name":"wp","href":"https:\/\/api.w.org\/{rel}","templated":true}]}}