{"id":95431,"date":"2015-08-26T15:48:14","date_gmt":"2015-08-26T18:48:14","guid":{"rendered":"http:\/\/www.r2cpress.com.br\/v1\/?p=95431"},"modified":"2015-08-26T15:48:14","modified_gmt":"2015-08-26T18:48:14","slug":"estado-e-governo-federal-tracam-expansao-de-portos-baianos","status":"publish","type":"post","link":"https:\/\/www.r2cpress.com.br\/v1\/2015\/08\/26\/estado-e-governo-federal-tracam-expansao-de-portos-baianos\/","title":{"rendered":"Estado e governo federal tra\u00e7am expans\u00e3o de portos baianos"},"content":{"rendered":"<div>A expans\u00e3o e moderniza\u00e7\u00e3o do setor portu\u00e1rio na Bahia est\u00e1 em discuss\u00e3o entre o Governo do Estado e a Secretaria de Portos da Presid\u00eancia da Rep\u00fablica. Nesta quarta-feira (26), o planejamento estadual foi apresentado pelo governador Rui Costa ao ministro da Secretaria Nacional de Portos, Edinho Ara\u00fajo, durante reuni\u00e3o em Bras\u00edlia.<\/div>\n<div>\n<div id=\"attachment_95432\" style=\"width: 560px\" class=\"wp-caption aligncenter\"><a href=\"http:\/\/www.r2cpress.com.br\/v1\/wp-content\/uploads\/2015\/08\/Governador-em-reuni\u00e3o-com-o-ministro-Edinho-Ara\u00fajo.jpg\"><img aria-describedby=\"caption-attachment-95432\" loading=\"lazy\" class=\"size-full wp-image-95432\" src=\"http:\/\/www.r2cpress.com.br\/v1\/wp-content\/uploads\/2015\/08\/Governador-em-reuni\u00e3o-com-o-ministro-Edinho-Ara\u00fajo.jpg\" alt=\"Governador em reuni\u00e3o com o ministro Edinho Ara\u00fajo  - Foto: Camila Peres   \" width=\"550\" height=\"309\" srcset=\"https:\/\/www.r2cpress.com.br\/v1\/wp-content\/uploads\/2015\/08\/Governador-em-reuni\u00e3o-com-o-ministro-Edinho-Ara\u00fajo.jpg 550w, https:\/\/www.r2cpress.com.br\/v1\/wp-content\/uploads\/2015\/08\/Governador-em-reuni\u00e3o-com-o-ministro-Edinho-Ara\u00fajo-300x168.jpg 300w\" sizes=\"(max-width: 550px) 100vw, 550px\" \/><\/a><p id=\"caption-attachment-95432\" class=\"wp-caption-text\">Governador em reuni\u00e3o com o ministro Edinho Ara\u00fajo &#8211; Foto: Camila Peres<\/p><\/div>\n<\/div>\n<div>O governo baiano prev\u00ea potencializar o Porto de Ilh\u00e9us, batizado como Porto de Malhado, com a participa\u00e7\u00e3o da iniciativa privada. Segundo o secret\u00e1rio da Casa Civil, Bruno Dauster, que acompanhou o governador na agenda, o porto possui limita\u00e7\u00f5es em decorr\u00eancia de sua profundidade. \u201c\u00c9 necess\u00e1rio fazer uma dragagem para elevar a profundidade do cais e do canal. Assim, teremos uma situa\u00e7\u00e3o de opera\u00e7\u00e3o continua\u201d, disse ele ao explicar que atualmente apenas navios de calado (altura do casco) pequeno acessam o porto e que essa interven\u00e7\u00e3o seria financiada pela iniciativa privada.<\/div>\n<div><\/div>\n<div>O governador explicou ao ministro que o Estado da Bahia quer interligar o Porto de Malhado \u00e0 Ferrovia de Integra\u00e7\u00e3o Oeste Leste (Fiol), durante o per\u00edodo de constru\u00e7\u00e3o do Porto Sul, que tamb\u00e9m ser\u00e1 implantado em Ilh\u00e9us. Isso ampliar\u00e1 significativamente a quantidade de carga operada.<\/div>\n<div><\/div>\n<div>Sobre o porto de Salvador ficou acordado a realiza\u00e7\u00e3o de uma licita\u00e7\u00e3o para a opera\u00e7\u00e3o do terminal mar\u00edtimo. \u201cEssa era uma reivindica\u00e7\u00e3o do Estado. A licita\u00e7\u00e3o ser\u00e1 feita imediatamente, permitindo maior conforto aos usu\u00e1rios de cruzeiros que v\u00eam a Salvador e criar\u00e1 um novo equipamento para os trabalhadores da regi\u00e3o do Com\u00e9rcio, onde passou a ter restaurantes, lojas\u201d, explicou Dauster.<\/div>\n<div><\/div>\n<div>O secret\u00e1rio disse ainda que ser\u00e1 lan\u00e7ada uma segunda licita\u00e7\u00e3o para a amplia\u00e7\u00e3o do quebra-mar do porto de Salvador, obra or\u00e7ada em R$ 90 milh\u00f5es, que proporcionar\u00e1 maior capacidade ao porto, permitindo que se opere com navios de qualquer classe de containers. &#8220;Ser\u00e1 um avan\u00e7o muito significativo para Salvador. Teremos um dos portos mais aparelhados e equipados e com melhores condi\u00e7\u00f5es de atraca\u00e7\u00e3o para containers no Brasil\u201d.<\/div>\n<p>&nbsp;<\/p>\n","protected":false},"excerpt":{"rendered":"<p>A expans\u00e3o e moderniza\u00e7\u00e3o do setor portu\u00e1rio na Bahia est\u00e1 em discuss\u00e3o entre o Governo do Estado e a Secretaria de Portos da Presid\u00eancia da Rep\u00fablica. Nesta quarta-feira (26), o planejamento estadual foi apresentado pelo governador Rui Costa ao ministro da Secretaria Nacional de Portos, Edinho Ara\u00fajo, durante reuni\u00e3o em Bras\u00edlia. O governo baiano prev\u00ea [&hellip;]<\/p>\n","protected":false},"author":2,"featured_media":0,"comment_status":"open","ping_status":"open","sticky":false,"template":"","format":"standard","meta":{"_links_to":"","_links_to_target":""},"categories":[29],"tags":[],"_links":{"self":[{"href":"https:\/\/www.r2cpress.com.br\/v1\/wp-json\/wp\/v2\/posts\/95431"}],"collection":[{"href":"https:\/\/www.r2cpress.com.br\/v1\/wp-json\/wp\/v2\/posts"}],"about":[{"href":"https:\/\/www.r2cpress.com.br\/v1\/wp-json\/wp\/v2\/types\/post"}],"author":[{"embeddable":true,"href":"https:\/\/www.r2cpress.com.br\/v1\/wp-json\/wp\/v2\/users\/2"}],"replies":[{"embeddable":true,"href":"https:\/\/www.r2cpress.com.br\/v1\/wp-json\/wp\/v2\/comments?post=95431"}],"version-history":[{"count":1,"href":"https:\/\/www.r2cpress.com.br\/v1\/wp-json\/wp\/v2\/posts\/95431\/revisions"}],"predecessor-version":[{"id":95433,"href":"https:\/\/www.r2cpress.com.br\/v1\/wp-json\/wp\/v2\/posts\/95431\/revisions\/95433"}],"wp:attachment":[{"href":"https:\/\/www.r2cpress.com.br\/v1\/wp-json\/wp\/v2\/media?parent=95431"}],"wp:term":[{"taxonomy":"category","embeddable":true,"href":"https:\/\/www.r2cpress.com.br\/v1\/wp-json\/wp\/v2\/categories?post=95431"},{"taxonomy":"post_tag","embeddable":true,"href":"https:\/\/www.r2cpress.com.br\/v1\/wp-json\/wp\/v2\/tags?post=95431"}],"curies":[{"name":"wp","href":"https:\/\/api.w.org\/{rel}","templated":true}]}}