{"id":95441,"date":"2015-08-27T09:25:35","date_gmt":"2015-08-27T12:25:35","guid":{"rendered":"http:\/\/www.r2cpress.com.br\/v1\/?p=95441"},"modified":"2015-08-27T09:25:35","modified_gmt":"2015-08-27T12:25:35","slug":"lourival-piligra-lanca-no-foyer-da-ficc-novo-livro-de-soneto-e-decimas-de-cordel-pela-editora-via-litterarum","status":"publish","type":"post","link":"https:\/\/www.r2cpress.com.br\/v1\/2015\/08\/27\/lourival-piligra-lanca-no-foyer-da-ficc-novo-livro-de-soneto-e-decimas-de-cordel-pela-editora-via-litterarum\/","title":{"rendered":"Lourival Piligra lan\u00e7a no Foyer da FICC novo livro de Soneto\u00a0  e D\u00e9cimas de Cordel pela Editora Via Litterarum"},"content":{"rendered":"<div id=\"attachment_95442\" style=\"width: 310px\" class=\"wp-caption alignright\"><a href=\"http:\/\/www.r2cpress.com.br\/v1\/wp-content\/uploads\/2015\/08\/received_10205204921627329.jpeg\"><img aria-describedby=\"caption-attachment-95442\" loading=\"lazy\" class=\" wp-image-95442\" src=\"http:\/\/www.r2cpress.com.br\/v1\/wp-content\/uploads\/2015\/08\/received_10205204921627329.jpeg\" alt=\"Lourival_Piligra.\" width=\"300\" height=\"400\" srcset=\"https:\/\/www.r2cpress.com.br\/v1\/wp-content\/uploads\/2015\/08\/received_10205204921627329.jpeg 453w, https:\/\/www.r2cpress.com.br\/v1\/wp-content\/uploads\/2015\/08\/received_10205204921627329-225x300.jpeg 225w\" sizes=\"(max-width: 300px) 100vw, 300px\" \/><\/a><p id=\"caption-attachment-95442\" class=\"wp-caption-text\">Lourival Piligra.<\/p><\/div>\n<p>No pr\u00f3ximo dia 03 de setembro (quinta-feira), a partir das 18 horas, no Foyer da Funda\u00e7\u00e3o Itabunense de Cultura e Cidadania (FICC), acontecer\u00e1 o lan\u00e7amento do livro &#8220;Cante a\u00ed que eu canto aqui&#8221;, do poeta e professor da UESC, Lourival Piligra. Trata-se do quarto livro do autor (segundo, publicado este ano),\u00a0 dedicado a dois poetas: Patativa do Assar\u00e9 e Cyro de Mattos.<br \/>\nO livro se insere numa dupla tradi\u00e7\u00e3o: a forma do cordel e a forma do soneto. Segundo o poeta, o livro &#8220;Cante a\u00ed que eu canto aqui\u201d \u00e9 um di\u00e1logo po\u00e9tico frente ao apelo dram\u00e1tico proposto pelo poeta cearense na sua obra Cante l\u00e1 que eu canto c\u00e1 e, ao mesmo tempo, uma homengem ao poeta itabunense que canta as dores do Rio Cachoeira, na sua obra: Vinte poemas do rio. O livro \u00e9 formado, portanto, por apenas dez poemas que tratam dos Encontros do poeta com Deus (primiero poema) at\u00e9 a descri\u00e7\u00e3o do Nascimento e da morte do Rio Cachoeira em 20 sonetos (\u00faltimo poema do livro).\u00a0 O livro atende tanto ao p\u00fablico amante do cordel quanto ao p\u00fablico que \u00e9 f\u00e3 do soneto. A obra cont\u00e9m poemas em homenagem a cidade de Itabuna (A hist\u00f3ria da ilha do Jegue narrada em versos) e sonetos em homenagem a cidade de Remanso.<br \/>\nO poeta j\u00e1 possui poemas de cordel premiados e publicados, a exemplo das obras \u2013 \u201cA peleja entre dois poetas arretados\u201d, escrito em parceria com o Editor e poeta Gustavo Felic\u00edssimo; e o folheto \u201cOs tr\u00eas irm\u00e3os da curriola\u201d, em parceria com George Pelegrine e Gustavo Felic\u00edssimo.<br \/>\nO evento contar\u00e1 tamb\u00e9m com a participa\u00e7\u00e3o de diversos artistas da m\u00fasica e da literatura, a exemplo de Jaffet Ornelas, Alba Cristina, Yara Lima, Egl\u00ea Machado, Rodrigo Bonfim, Zenon Moreira, Hans M\u00fcller, Ebano, Fernando Caldas, Marcelo Ganen, Daniela Galdino, Valdirene Borges, Walmir do Carmo,\u00a0 dentre outros.<\/p>\n<p>&#8212;<br \/>\nMais informa\u00e7\u00f5es:<br \/>\n073 \u2013 3242-1738 (Editora Mondrongo)<\/p>\n","protected":false},"excerpt":{"rendered":"<p>No pr\u00f3ximo dia 03 de setembro (quinta-feira), a partir das 18 horas, no Foyer da Funda\u00e7\u00e3o Itabunense de Cultura e Cidadania (FICC), acontecer\u00e1 o lan\u00e7amento do livro &#8220;Cante a\u00ed que eu canto aqui&#8221;, do poeta e professor da UESC, Lourival Piligra. Trata-se do quarto livro do autor (segundo, publicado este ano),\u00a0 dedicado a dois poetas: [&hellip;]<\/p>\n","protected":false},"author":2,"featured_media":0,"comment_status":"open","ping_status":"open","sticky":false,"template":"","format":"standard","meta":{"_links_to":"","_links_to_target":""},"categories":[5],"tags":[],"_links":{"self":[{"href":"https:\/\/www.r2cpress.com.br\/v1\/wp-json\/wp\/v2\/posts\/95441"}],"collection":[{"href":"https:\/\/www.r2cpress.com.br\/v1\/wp-json\/wp\/v2\/posts"}],"about":[{"href":"https:\/\/www.r2cpress.com.br\/v1\/wp-json\/wp\/v2\/types\/post"}],"author":[{"embeddable":true,"href":"https:\/\/www.r2cpress.com.br\/v1\/wp-json\/wp\/v2\/users\/2"}],"replies":[{"embeddable":true,"href":"https:\/\/www.r2cpress.com.br\/v1\/wp-json\/wp\/v2\/comments?post=95441"}],"version-history":[{"count":2,"href":"https:\/\/www.r2cpress.com.br\/v1\/wp-json\/wp\/v2\/posts\/95441\/revisions"}],"predecessor-version":[{"id":95444,"href":"https:\/\/www.r2cpress.com.br\/v1\/wp-json\/wp\/v2\/posts\/95441\/revisions\/95444"}],"wp:attachment":[{"href":"https:\/\/www.r2cpress.com.br\/v1\/wp-json\/wp\/v2\/media?parent=95441"}],"wp:term":[{"taxonomy":"category","embeddable":true,"href":"https:\/\/www.r2cpress.com.br\/v1\/wp-json\/wp\/v2\/categories?post=95441"},{"taxonomy":"post_tag","embeddable":true,"href":"https:\/\/www.r2cpress.com.br\/v1\/wp-json\/wp\/v2\/tags?post=95441"}],"curies":[{"name":"wp","href":"https:\/\/api.w.org\/{rel}","templated":true}]}}