{"id":95445,"date":"2015-08-27T09:53:59","date_gmt":"2015-08-27T12:53:59","guid":{"rendered":"http:\/\/www.r2cpress.com.br\/v1\/?p=95445"},"modified":"2015-08-27T09:53:59","modified_gmt":"2015-08-27T12:53:59","slug":"estado-autoriza-obra-emergencial-de-contencao-do-mar-na-zona-norte-de-ilheus","status":"publish","type":"post","link":"https:\/\/www.r2cpress.com.br\/v1\/2015\/08\/27\/estado-autoriza-obra-emergencial-de-contencao-do-mar-na-zona-norte-de-ilheus\/","title":{"rendered":"Estado autoriza obra emergencial de conten\u00e7\u00e3o do mar na zona norte de Ilh\u00e9us"},"content":{"rendered":"<p align=\"center\"><i>O secret\u00e1rio de Infraestrutura da Bahia, Marcos Cavalcanti, garantiu ao prefeito de Ilh\u00e9us, Jabes Ribeiro, que j\u00e1 h\u00e1 recursos para a obra emergencial no litoral norte da cidade<\/i><\/p>\n<p>Durante reuni\u00e3o com o prefeito de Ilh\u00e9us, Jabes Ribeiro, na manh\u00e3 desta quarta-feira, 26, em Salvador, o secret\u00e1rio de Infraestrutura da Bahia, Marcos Cavalcanti, confirmou a autoriza\u00e7\u00e3o da obra emergencial de conten\u00e7\u00e3o do avan\u00e7o do mar no litoral norte de Ilh\u00e9us, que tem afligido as comunidades dos bairros de S\u00e3o Domingos e S\u00e3o Miguel. O encontro contou com as presen\u00e7as do superintendente estadual de Infraestrutura, Saulo Pontes, e o deputado estadual Eduardo Salles. De acordo com Cavalcanti, j\u00e1 h\u00e1 recursos alocados para executar o servi\u00e7o.<\/p>\n<p>O secret\u00e1rio de Infraestrutura, Marcos Cavalcanti, inclusive, confirmou a not\u00edcia durante entrevista ao radialista Jota Carlos, na r\u00e1dio Santa Cruz AM, tamb\u00e9m na quarta-feira. Ele lembrou que a Superintend\u00eancia de Infraestrutura, sob o comando do engenheiro Saulo Pontes, esteve na cidade h\u00e1 um m\u00eas para visitar os locais atingidos pela for\u00e7a do mar, e garantiu que a unidade est\u00e1 autorizada a realizar o servi\u00e7o e tomar provid\u00eancias para definir a data de in\u00edcio dos trabalhos.<\/p>\n<p>De acordo com o prefeito Jabes Ribeiro, a obra consistir\u00e1 na reconstru\u00e7\u00e3o da barreira de pedras, para amortecer a for\u00e7a das ondas e evitar que a \u00e1gua atinja a BA-001, rodovia respons\u00e1vel pela liga\u00e7\u00e3o entre os munic\u00edpios de Ilh\u00e9us e Itacar\u00e9.\u00a0 Por outro lado, o prefeito j\u00e1 apresentou projeto \u00e0 Coordena\u00e7\u00e3o Nacional da Defesa Civil, vinculada ao Minist\u00e9rio da Integra\u00e7\u00e3o Nacional, no sentido de reivindicar recursos para a obra definitiva.<\/p>\n<p>O secret\u00e1rio de Infraestrutura, Marcos Cavalcanti, ressaltou que, para resolver em definitivo o problema, s\u00e3o necess\u00e1rios dois servi\u00e7os naqueles locais. O primeiro, o enrocamento, e a longo prazo, a instala\u00e7\u00e3o de mais dois espig\u00f5es, al\u00e9m da revitaliza\u00e7\u00e3o dos j\u00e1 existentes. Ele destacou que j\u00e1 h\u00e1 previs\u00e3o or\u00e7ament\u00e1ria, por parte do governo do Estado, para a realiza\u00e7\u00e3o da obra, al\u00e9m do projeto de execu\u00e7\u00e3o, elaborado ap\u00f3s visita de t\u00e9cnicos da \u00e1rea \u00e0 cidade. E alertou que a segunda fase do servi\u00e7o de conten\u00e7\u00e3o da mar\u00e9 \u00e9 de responsabilidade do governo federal, por meio da Secretaria Nacional de Portos e do Minist\u00e9rio da Integra\u00e7\u00e3o Nacional.<\/p>\n<p><b>Avan\u00e7o &#8211;<\/b>\u00a0O avan\u00e7o do mar naquela regi\u00e3o de Ilh\u00e9us se deve \u00e0 constru\u00e7\u00e3o do Porto do Malhado, feita em mar aberto, que provocou o recuo da \u00e1gua na orla central e seu consequente avan\u00e7o sobre o litoral norte.\u00a0 Segundo Saulo Pontes, al\u00e9m da medida emergencial que est\u00e1 sendo providenciada, a Secretaria de Infraestrutura da Bahia e o Minist\u00e9rio da Integra\u00e7\u00e3o Nacional, por solicita\u00e7\u00e3o do prefeito Jabes Ribeiro, j\u00e1 iniciaram os estudos para a constru\u00e7\u00e3o de novos espig\u00f5es, que s\u00e3o estruturas utilizadas para diminuir a for\u00e7a das ondas que atingem a costa.<\/p>\n<p><b>Secretaria de Comunica\u00e7\u00e3o Social \u2013 Secom<\/b><\/p>\n","protected":false},"excerpt":{"rendered":"<p>O secret\u00e1rio de Infraestrutura da Bahia, Marcos Cavalcanti, garantiu ao prefeito de Ilh\u00e9us, Jabes Ribeiro, que j\u00e1 h\u00e1 recursos para a obra emergencial no litoral norte da cidade Durante reuni\u00e3o com o prefeito de Ilh\u00e9us, Jabes Ribeiro, na manh\u00e3 desta quarta-feira, 26, em Salvador, o secret\u00e1rio de Infraestrutura da Bahia, Marcos Cavalcanti, confirmou a autoriza\u00e7\u00e3o [&hellip;]<\/p>\n","protected":false},"author":2,"featured_media":0,"comment_status":"open","ping_status":"open","sticky":false,"template":"","format":"standard","meta":{"_links_to":"","_links_to_target":""},"categories":[29,23],"tags":[],"_links":{"self":[{"href":"https:\/\/www.r2cpress.com.br\/v1\/wp-json\/wp\/v2\/posts\/95445"}],"collection":[{"href":"https:\/\/www.r2cpress.com.br\/v1\/wp-json\/wp\/v2\/posts"}],"about":[{"href":"https:\/\/www.r2cpress.com.br\/v1\/wp-json\/wp\/v2\/types\/post"}],"author":[{"embeddable":true,"href":"https:\/\/www.r2cpress.com.br\/v1\/wp-json\/wp\/v2\/users\/2"}],"replies":[{"embeddable":true,"href":"https:\/\/www.r2cpress.com.br\/v1\/wp-json\/wp\/v2\/comments?post=95445"}],"version-history":[{"count":2,"href":"https:\/\/www.r2cpress.com.br\/v1\/wp-json\/wp\/v2\/posts\/95445\/revisions"}],"predecessor-version":[{"id":95447,"href":"https:\/\/www.r2cpress.com.br\/v1\/wp-json\/wp\/v2\/posts\/95445\/revisions\/95447"}],"wp:attachment":[{"href":"https:\/\/www.r2cpress.com.br\/v1\/wp-json\/wp\/v2\/media?parent=95445"}],"wp:term":[{"taxonomy":"category","embeddable":true,"href":"https:\/\/www.r2cpress.com.br\/v1\/wp-json\/wp\/v2\/categories?post=95445"},{"taxonomy":"post_tag","embeddable":true,"href":"https:\/\/www.r2cpress.com.br\/v1\/wp-json\/wp\/v2\/tags?post=95445"}],"curies":[{"name":"wp","href":"https:\/\/api.w.org\/{rel}","templated":true}]}}