{"id":95459,"date":"2015-08-27T18:02:37","date_gmt":"2015-08-27T21:02:37","guid":{"rendered":"http:\/\/www.r2cpress.com.br\/v1\/?p=95459"},"modified":"2015-08-27T18:02:37","modified_gmt":"2015-08-27T21:02:37","slug":"empossados-novos-conselheiros-de-transporte-de-ilheus","status":"publish","type":"post","link":"https:\/\/www.r2cpress.com.br\/v1\/2015\/08\/27\/empossados-novos-conselheiros-de-transporte-de-ilheus\/","title":{"rendered":"Empossados novos conselheiros de transporte de Ilh\u00e9us"},"content":{"rendered":"<p><em>O Conselho Municipal de Transportes tem por objetivo controlar, acompanhar e avaliar a pol\u00edtica municipal de tr\u00e2nsito e transporte do munic\u00edpio<\/em><\/p>\n<p>A solenidade de posse dos novos integrantes do Conselho Municipal de Transportes de Ilh\u00e9us foi realizada na tarde desta quarta-feira, 26, durante reuni\u00e3o no Sal\u00e3o Nobre do Pal\u00e1cio Paranagu\u00e1, sede do Poder Executivo local. O colegiado \u00e9 formado por 13 membros indicados por setores da sociedade civil diretamente ligados \u00e0 \u00e1rea e por representantes do poder p\u00fablico.<\/p>\n<p>O Conselho Municipal de Transportes \u00e9 um \u00f3rg\u00e3o consultivo, composto por representantes do movimento estudantil, dos taxistas, de pessoas com defici\u00eancia, C\u00e2mara de Vereadores e das empresas operadoras do sistema, entre outros. O secret\u00e1rio interino de Administra\u00e7\u00e3o de Ilh\u00e9us, Wladimir Hughes, presidiu a solenidade de posse dos novos conselheiros.<\/p>\n<p>Entre as fun\u00e7\u00f5es do \u00f3rg\u00e3o, est\u00e3o o controle, acompanhamento e avalia\u00e7\u00e3o da pol\u00edtica municipal de tr\u00e2nsito e transporte de Ilh\u00e9us, al\u00e9m de fiscalizar a presta\u00e7\u00e3o do servi\u00e7o na \u00e1rea e colaborar com as discuss\u00f5es para aperfei\u00e7oamento do sistema.<\/p>\n<p>Durante a posse dos conselheiros, foi eleita a mesa diretora, que comandar\u00e1 o \u00f3rg\u00e3o pelo pr\u00f3ximo bi\u00eanio. O representante dos taxistas, Almir de Oliveira, assumiu a presid\u00eancia, a vice ser\u00e1 ocupada por Amilton Santos, do segmento dos rodovi\u00e1rios, e o titular da Secretaria municipal de Infraestrutura, Transporte e Tr\u00e2nsito, Isaac Albagli, ser\u00e1 o secret\u00e1rio do Conselho.<\/p>\n<p><strong>Regulamento<\/strong> \u2013 De acordo com o secret\u00e1rio Albagli, uma comiss\u00e3o formada pelos representantes da Secretaria Municipal da Administra\u00e7\u00e3o, Ricardo Moreno, do Sindicato dos Comerci\u00e1rios, Ricardo Lima, e das empresas de transportes, Josemir Sobrinho, ser\u00e1 respons\u00e1vel pelas discuss\u00f5es para elaborar o regimento interno do \u00f3rg\u00e3o, que dever\u00e1 ser apresentado em 30 dias.<\/p>\n","protected":false},"excerpt":{"rendered":"<p>O Conselho Municipal de Transportes tem por objetivo controlar, acompanhar e avaliar a pol\u00edtica municipal de tr\u00e2nsito e transporte do munic\u00edpio A solenidade de posse dos novos integrantes do Conselho Municipal de Transportes de Ilh\u00e9us foi realizada na tarde desta quarta-feira, 26, durante reuni\u00e3o no Sal\u00e3o Nobre do Pal\u00e1cio Paranagu\u00e1, sede do Poder Executivo local. [&hellip;]<\/p>\n","protected":false},"author":2,"featured_media":0,"comment_status":"open","ping_status":"open","sticky":false,"template":"","format":"standard","meta":{"_links_to":"","_links_to_target":""},"categories":[23],"tags":[],"_links":{"self":[{"href":"https:\/\/www.r2cpress.com.br\/v1\/wp-json\/wp\/v2\/posts\/95459"}],"collection":[{"href":"https:\/\/www.r2cpress.com.br\/v1\/wp-json\/wp\/v2\/posts"}],"about":[{"href":"https:\/\/www.r2cpress.com.br\/v1\/wp-json\/wp\/v2\/types\/post"}],"author":[{"embeddable":true,"href":"https:\/\/www.r2cpress.com.br\/v1\/wp-json\/wp\/v2\/users\/2"}],"replies":[{"embeddable":true,"href":"https:\/\/www.r2cpress.com.br\/v1\/wp-json\/wp\/v2\/comments?post=95459"}],"version-history":[{"count":1,"href":"https:\/\/www.r2cpress.com.br\/v1\/wp-json\/wp\/v2\/posts\/95459\/revisions"}],"predecessor-version":[{"id":95460,"href":"https:\/\/www.r2cpress.com.br\/v1\/wp-json\/wp\/v2\/posts\/95459\/revisions\/95460"}],"wp:attachment":[{"href":"https:\/\/www.r2cpress.com.br\/v1\/wp-json\/wp\/v2\/media?parent=95459"}],"wp:term":[{"taxonomy":"category","embeddable":true,"href":"https:\/\/www.r2cpress.com.br\/v1\/wp-json\/wp\/v2\/categories?post=95459"},{"taxonomy":"post_tag","embeddable":true,"href":"https:\/\/www.r2cpress.com.br\/v1\/wp-json\/wp\/v2\/tags?post=95459"}],"curies":[{"name":"wp","href":"https:\/\/api.w.org\/{rel}","templated":true}]}}