{"id":95466,"date":"2015-08-27T20:14:32","date_gmt":"2015-08-27T23:14:32","guid":{"rendered":"http:\/\/www.r2cpress.com.br\/v1\/?p=95466"},"modified":"2015-08-27T20:14:32","modified_gmt":"2015-08-27T23:14:32","slug":"competicao-de-beach-tennis-comeca-nesta-sexta-em-ilheus","status":"publish","type":"post","link":"https:\/\/www.r2cpress.com.br\/v1\/2015\/08\/27\/competicao-de-beach-tennis-comeca-nesta-sexta-em-ilheus\/","title":{"rendered":"Competi\u00e7\u00e3o de Beach Tennis come\u00e7a nesta sexta, em Ilh\u00e9us"},"content":{"rendered":"<p>A praia da Avenida Soares Lopes, que sediar\u00e1 o evento, j\u00e1 est\u00e1 sendo preparada, com a instala\u00e7\u00e3o da toda a estrutura. Nesta sexta, a organiza\u00e7\u00e3o realizar\u00e1 uma entrevista coletiva para apresenta\u00e7\u00e3o do esporte<\/p>\n<p>Come\u00e7a nesta sexta-feira, 28, o I Ilh\u00e9us Open de Beach Tennis, realizado pela associa\u00e7\u00e3o ilheense da categoria com o apoio da Prefeitura, atrav\u00e9s da Secretaria de Turismo e Esportes (Setur). O evento, que segue at\u00e9 domingo, 30, deve contar com 200 atletas brasileiros da modalidade, que v\u00e3o disputar em quadras montadas na praia da Avenida Soares Lopes, no centro, uma das mais famosas da cidade.<\/p>\n<p>O evento conta com a autoriza\u00e7\u00e3o das confedera\u00e7\u00f5es brasileira e internacional de t\u00eanis. O esporte, praticado na areia e com raquetes, surgiu na It\u00e1lia, mas o Brasil j\u00e1 desponta como pot\u00eancia. Na Bahia, tem grande n\u00famero de praticantes nas cidades de Salvador e Porto Seguro. Segundo um dos organizadores, Caique Medauar, Ilh\u00e9us foi escolhida para sediar a etapa por possuir praias prop\u00edcias ao esporte.<\/p>\n<p>Os atletas confirmados v\u00e3o disputar no n\u00edvel G3, que garante pontos para os rankings nacional e internacional da modalidade. Os destaques ficar\u00e3o por conta de competidores como Antonio Tramura, atual campe\u00e3o da categoria juvenil no Pa\u00eds, e Fl\u00e1via Muniz, a brasileira mais bem qualificada no ranking mundial, ocupando o sexto lugar.<\/p>\n<p>Para o secret\u00e1rio de Turismo e Esportes de Ilh\u00e9us, Josenaldo Cerqueira, o evento, al\u00e9m de atrair muitos atletas, vai trazer \u00e0 cidade familiares, equipe t\u00e9cnica e outros visitantes, o que \u201crepresenta uma movimenta\u00e7\u00e3o maior de pessoas em nosso com\u00e9rcio e rede hoteleira, mesmo na baixa esta\u00e7\u00e3o\u201d.<\/p>\n<p><strong>Praia<\/strong> \u2013 Local onde est\u00e3o sendo montadas as quadras e arquibancadas, a Praia da Avenida Soares Lopes passa por um processo de limpeza, com a remo\u00e7\u00e3o de bancos de areia e retirada de vegeta\u00e7\u00e3o ex\u00f3tica.<\/p>\n<p><strong>Coletiva<\/strong> \u2013 Nesta sexta-feira, 28, primeiro dia do evento, os organizadores, acompanhados dos atletas Vitor Tremura e Fl\u00e1via Muniz, conceder\u00e3o entrevista coletiva, \u00e0s 19h, no Barra Vento Hotel, no Malhado. De acordo com o diretor da competi\u00e7\u00e3o, Marcelo Bonfim, na oportunidade, a imprensa poder\u00e1 conhecer melhor essa modalidade esportiva.<\/p>\n","protected":false},"excerpt":{"rendered":"<p>A praia da Avenida Soares Lopes, que sediar\u00e1 o evento, j\u00e1 est\u00e1 sendo preparada, com a instala\u00e7\u00e3o da toda a estrutura. Nesta sexta, a organiza\u00e7\u00e3o realizar\u00e1 uma entrevista coletiva para apresenta\u00e7\u00e3o do esporte Come\u00e7a nesta sexta-feira, 28, o I Ilh\u00e9us Open de Beach Tennis, realizado pela associa\u00e7\u00e3o ilheense da categoria com o apoio da Prefeitura, [&hellip;]<\/p>\n","protected":false},"author":2,"featured_media":0,"comment_status":"open","ping_status":"open","sticky":false,"template":"","format":"standard","meta":{"_links_to":"","_links_to_target":""},"categories":[11,23],"tags":[],"_links":{"self":[{"href":"https:\/\/www.r2cpress.com.br\/v1\/wp-json\/wp\/v2\/posts\/95466"}],"collection":[{"href":"https:\/\/www.r2cpress.com.br\/v1\/wp-json\/wp\/v2\/posts"}],"about":[{"href":"https:\/\/www.r2cpress.com.br\/v1\/wp-json\/wp\/v2\/types\/post"}],"author":[{"embeddable":true,"href":"https:\/\/www.r2cpress.com.br\/v1\/wp-json\/wp\/v2\/users\/2"}],"replies":[{"embeddable":true,"href":"https:\/\/www.r2cpress.com.br\/v1\/wp-json\/wp\/v2\/comments?post=95466"}],"version-history":[{"count":1,"href":"https:\/\/www.r2cpress.com.br\/v1\/wp-json\/wp\/v2\/posts\/95466\/revisions"}],"predecessor-version":[{"id":95467,"href":"https:\/\/www.r2cpress.com.br\/v1\/wp-json\/wp\/v2\/posts\/95466\/revisions\/95467"}],"wp:attachment":[{"href":"https:\/\/www.r2cpress.com.br\/v1\/wp-json\/wp\/v2\/media?parent=95466"}],"wp:term":[{"taxonomy":"category","embeddable":true,"href":"https:\/\/www.r2cpress.com.br\/v1\/wp-json\/wp\/v2\/categories?post=95466"},{"taxonomy":"post_tag","embeddable":true,"href":"https:\/\/www.r2cpress.com.br\/v1\/wp-json\/wp\/v2\/tags?post=95466"}],"curies":[{"name":"wp","href":"https:\/\/api.w.org\/{rel}","templated":true}]}}