{"id":95468,"date":"2015-08-27T20:17:18","date_gmt":"2015-08-27T23:17:18","guid":{"rendered":"http:\/\/www.r2cpress.com.br\/v1\/?p=95468"},"modified":"2015-08-27T20:17:18","modified_gmt":"2015-08-27T23:17:18","slug":"vai-comecar-a-27a-conferencia-internacional-de-epidemiologia-ambiental","status":"publish","type":"post","link":"https:\/\/www.r2cpress.com.br\/v1\/2015\/08\/27\/vai-comecar-a-27a-conferencia-internacional-de-epidemiologia-ambiental\/","title":{"rendered":"Vai come\u00e7ar a 27\u00aa Confer\u00eancia Internacional de Epidemiologia Ambiental"},"content":{"rendered":"<p>Os desafios da sa\u00fade passam, centralmente, pela forma como homens e mulheres entendem e cuidam dos recursos do planeta e como as lideran\u00e7as econ\u00f4micas, pol\u00edticas e sociais definem pol\u00edticas p\u00fablicas para os mesmos.<\/p>\n<p>Cerca de 600 pesquisadores de mais de 30 pa\u00edses estar\u00e3o em S\u00e3o Paulo a partir deste s\u00e1bado, dia 29, at\u00e9 03 de setembro para este e outros debates durante a <a href=\"http:\/\/redeaps.enviodenews.com\/registra_clique.php?id=H%7C697950%7C222136%7C12589&amp;url=http%3A%2F%2Fwww.abrasco.org.br%2Fsite%2F2015%2F01%2F27a-conferencia-anual-da-sociedade-internacional-de-epidemiologia-ambiental-2%2F\" target=\"_blank\"><strong>27\u00aa Confer\u00eancia Anual da International Society of Environmental Epidemiology (ISEE 2015)<\/strong><\/a>, organizado pela ISEE e co-produzido pela Abrasco e pela Faculdade de Medicina da Universidade de S\u00e3o Paulo (FMUSP). As atividades pr\u00e9-congressuais ser\u00e3o no dia 29, nas depend\u00eancias da FMUSP, e as plen\u00e1rias centrais come\u00e7am no dia 31 e ser\u00e3o realizadas no Centro de Conven\u00e7\u00f5es Rebou\u00e7as.<\/p>\n<div><\/div>\n<div>Nomes de destaque na produ\u00e7\u00e3o cient\u00edfica da \u00e1rea, como os brasileiros L\u00e9o Heller, pesquisador do Centro de Pesquisas Ren\u00e9 Rachou (CPRR\/Fiocruz) e relator especial da Organiza\u00e7\u00e3o das Na\u00e7\u00f5es Unidas (ONU) para os temas da \u00e1gua e do saneamento; e Paulo Artaxo Netto, do Instituto de F\u00edsica da USP e membro do painel intergovernamental de mudan\u00e7as clim\u00e1ticas da ONUI; a norte-americana Kristie L. Ebi, do Departamento de Sa\u00fade Global da University of Washington, e o canadense Howard Hu, da University of Toronto (Canad\u00e1) ser\u00e3o alguns dos painelistas das sess\u00f5es centrais da confer\u00eancia, e ir\u00e3o abordar temas como os recursos h\u00eddricos; as mudan\u00e7as clim\u00e1ticas, a qualidade do ar que respiramos e as desigualdades sociais influenciam diretamente a qualidade de vida e determinam os estados de sa\u00fade dos indiv\u00edduos, das popula\u00e7\u00f5es e coletividades.<\/div>\n<div><\/div>\n<div><strong>Confira <a href=\"http:\/\/redeaps.enviodenews.com\/registra_clique.php?id=H%7C697951%7C222136%7C12589&amp;url=http%3A%2F%2Fwww.abrasco.org.br%2Fsite%2F2015%2F08%2Fsaude_global_ambiental_isee%2F\" target=\"_blank\">aqui<\/a> a mat\u00e9ria sobre a Confer\u00eancia\u00a0<\/strong><strong>e acesse o site do evento <a href=\"http:\/\/redeaps.enviodenews.com\/registra_clique.php?id=H%7C697952%7C222136%7C12589&amp;url=http%3A%2F%2Fwww.isee2015.org%2F\" target=\"_blank\">isee2015.org<\/a><\/strong><\/div>\n","protected":false},"excerpt":{"rendered":"<p>Os desafios da sa\u00fade passam, centralmente, pela forma como homens e mulheres entendem e cuidam dos recursos do planeta e como as lideran\u00e7as econ\u00f4micas, pol\u00edticas e sociais definem pol\u00edticas p\u00fablicas para os mesmos. Cerca de 600 pesquisadores de mais de 30 pa\u00edses estar\u00e3o em S\u00e3o Paulo a partir deste s\u00e1bado, dia 29, at\u00e9 03 de [&hellip;]<\/p>\n","protected":false},"author":2,"featured_media":0,"comment_status":"open","ping_status":"open","sticky":false,"template":"","format":"standard","meta":{"_links_to":"","_links_to_target":""},"categories":[24],"tags":[],"_links":{"self":[{"href":"https:\/\/www.r2cpress.com.br\/v1\/wp-json\/wp\/v2\/posts\/95468"}],"collection":[{"href":"https:\/\/www.r2cpress.com.br\/v1\/wp-json\/wp\/v2\/posts"}],"about":[{"href":"https:\/\/www.r2cpress.com.br\/v1\/wp-json\/wp\/v2\/types\/post"}],"author":[{"embeddable":true,"href":"https:\/\/www.r2cpress.com.br\/v1\/wp-json\/wp\/v2\/users\/2"}],"replies":[{"embeddable":true,"href":"https:\/\/www.r2cpress.com.br\/v1\/wp-json\/wp\/v2\/comments?post=95468"}],"version-history":[{"count":1,"href":"https:\/\/www.r2cpress.com.br\/v1\/wp-json\/wp\/v2\/posts\/95468\/revisions"}],"predecessor-version":[{"id":95469,"href":"https:\/\/www.r2cpress.com.br\/v1\/wp-json\/wp\/v2\/posts\/95468\/revisions\/95469"}],"wp:attachment":[{"href":"https:\/\/www.r2cpress.com.br\/v1\/wp-json\/wp\/v2\/media?parent=95468"}],"wp:term":[{"taxonomy":"category","embeddable":true,"href":"https:\/\/www.r2cpress.com.br\/v1\/wp-json\/wp\/v2\/categories?post=95468"},{"taxonomy":"post_tag","embeddable":true,"href":"https:\/\/www.r2cpress.com.br\/v1\/wp-json\/wp\/v2\/tags?post=95468"}],"curies":[{"name":"wp","href":"https:\/\/api.w.org\/{rel}","templated":true}]}}