{"id":95484,"date":"2015-08-28T17:44:09","date_gmt":"2015-08-28T20:44:09","guid":{"rendered":"http:\/\/www.r2cpress.com.br\/v1\/?p=95484"},"modified":"2015-08-28T17:44:09","modified_gmt":"2015-08-28T20:44:09","slug":"opus-dei-69","status":"publish","type":"post","link":"https:\/\/www.r2cpress.com.br\/v1\/2015\/08\/28\/opus-dei-69\/","title":{"rendered":"OPUS DEI"},"content":{"rendered":"<table border=\"0\" width=\"100%\" cellspacing=\"0\" cellpadding=\"0\" align=\"center\" bgcolor=\"#ffffff\">\n<tbody>\n<tr>\n<td valign=\"middle\" bgcolor=\"#efede7\" width=\"100%\" height=\"70\">\n<table border=\"0\" width=\"92%\" cellspacing=\"0\" cellpadding=\"0\" align=\"center\" bgcolor=\"#efede7\">\n<tbody>\n<tr>\n<td align=\"left\" valign=\"middle\" bgcolor=\"#efede7\" width=\"60%\"><a href=\"http:\/\/opusdei.us7.list-manage.com\/track\/click?u=1af5d7b530cb590152589eba5&amp;id=e5064a09e4&amp;e=f88f8593e5\" target=\"_blank\"><img class=\"CToWUd\" src=\"https:\/\/ci5.googleusercontent.com\/proxy\/EtNKQQ_SWBO7iAW-9wsSZrzEYnXlfPuBYQyXUxy-vxzz65Hmv6hVlaiUd_eYpNzh5xL882-jcosafokPU0MhWOXvC3cvECUCzBdlIG6FGvU4yJZ9ViQ0-g=s0-d-e1-ft#http:\/\/odnmedia.s3.amazonaws.com\/static\/images\/newsletter\/logo.gif\" alt=\"Opus Dei\" border=\"0\" \/><\/a><\/td>\n<td bgcolor=\"#efede7\" width=\"4%\"><\/td>\n<td align=\"right\" valign=\"middle\" bgcolor=\"#efede7\" width=\"36%\"><\/td>\n<\/tr>\n<\/tbody>\n<\/table>\n<\/td>\n<\/tr>\n<tr>\n<td valign=\"top\" width=\"100%\">\n<table border=\"0\" width=\"92%\" cellspacing=\"0\" cellpadding=\"0\" align=\"center\">\n<tbody>\n<tr>\n<td valign=\"top\" width=\"100%\"><i>28 de Agosto de 2015<\/i><\/td>\n<\/tr>\n<tr>\n<td valign=\"top\" width=\"100%\"><img loading=\"lazy\" class=\"CToWUd\" src=\"https:\/\/ci6.googleusercontent.com\/proxy\/lzY2OQ6zKLFtDe4bDFwHMZSyRMZxW1UiLzRjBntDHwVhBF3USqgecpKyAXa9cXTm5IW262D4yftt9A6qVUNK-7ZNHa-wq9qN4KSDRBuUnYOpib9spVtSB6uzES58X14=s0-d-e1-ft#http:\/\/odnmedia.s3.amazonaws.com\/static\/images\/newsletter\/bulletintro.gif\" alt=\"\" width=\"14\" height=\"14\" border=\"0\" \/> Catequese do Papa: Ensinar os filhos a rezar e v\u00eddeo do Bem-aventurado \u00c1lvaro del Portillo sobre a ora\u00e7\u00e3o dos pais.<\/td>\n<\/tr>\n<tr>\n<td height=\"29\"><\/td>\n<\/tr>\n<tr>\n<td valign=\"top\" width=\"100%\">\n<table border=\"0\" width=\"100%\" cellspacing=\"0\" cellpadding=\"0\">\n<tbody>\n<tr>\n<td align=\"right\" valign=\"top\" width=\"1%\"><\/td>\n<td width=\"4%\"><\/td>\n<td valign=\"top\" width=\"66%\">\n<table border=\"0\" width=\"100%\" cellspacing=\"0\" cellpadding=\"0\">\n<tbody>\n<tr>\n<td valign=\"top\"><a href=\"http:\/\/opusdei.us7.list-manage.com\/track\/click?u=1af5d7b530cb590152589eba5&amp;id=de459d2d72&amp;e=f88f8593e5\" target=\"_blank\"><b>HOME<\/b><\/a><\/td>\n<\/tr>\n<tr>\n<td valign=\"top\"><a href=\"http:\/\/opusdei.us7.list-manage.com\/track\/click?u=1af5d7b530cb590152589eba5&amp;id=6240dd72ad&amp;e=f88f8593e5\" target=\"_blank\"><b>10 conselhos do Papa para o cuidado do meio ambiente<\/b><\/a><\/td>\n<\/tr>\n<tr>\n<td valign=\"top\">Com a nova Jornada Mundial de Ora\u00e7\u00e3o pelo Cuidado da Cria\u00e7\u00e3o, que ser\u00e1 celebrada no dia 1\u00ba de setembro, reunimos alguns conselhos do Papa da enc\u00edclica Laudato Si&#8217;<\/td>\n<\/tr>\n<\/tbody>\n<\/table>\n<\/td>\n<\/tr>\n<\/tbody>\n<\/table>\n<\/td>\n<\/tr>\n<tr>\n<td height=\"18\"><\/td>\n<\/tr>\n<tr>\n<td valign=\"top\" width=\"100%\">\n<table border=\"0\" width=\"100%\" cellspacing=\"0\" cellpadding=\"0\">\n<tbody>\n<tr>\n<td align=\"right\" valign=\"top\" width=\"30%\"><a href=\"http:\/\/opusdei.us7.list-manage.com\/track\/click?u=1af5d7b530cb590152589eba5&amp;id=f71f12e9b2&amp;e=f88f8593e5\" target=\"_blank\"><img class=\"CToWUd\" src=\"https:\/\/ci4.googleusercontent.com\/proxy\/QhI_as7gubcFYW9Gns0avuj3piRF1Tpnw7iP0i4L0wbyZYtVwBRlc_yonIsfq74Rc_ZhpvGaXW74ppXPG-SrSP73pJfwJ-YMhQ=s0-d-e1-ft#http:\/\/img.youtube.com\/vi\/NEPNSEuvAA0\/hqdefault.jpg\" alt=\"\" width=\"96\" border=\"0\" \/><\/a><\/td>\n<td width=\"4%\"><\/td>\n<td valign=\"top\" width=\"66%\">\n<table border=\"0\" width=\"100%\" cellspacing=\"0\" cellpadding=\"0\">\n<tbody>\n<tr>\n<td valign=\"top\"><a href=\"http:\/\/opusdei.us7.list-manage.com\/track\/click?u=1af5d7b530cb590152589eba5&amp;id=42555fd32b&amp;e=f88f8593e5\" target=\"_blank\"><b>VIDEOS BREVES<\/b><\/a><\/td>\n<\/tr>\n<tr>\n<td valign=\"top\"><a href=\"http:\/\/opusdei.us7.list-manage.com\/track\/click?u=1af5d7b530cb590152589eba5&amp;id=5022ebb45c&amp;e=f88f8593e5\" target=\"_blank\"><b>Ora\u00e7\u00e3o dos pais pelos filhos<\/b><\/a><\/td>\n<\/tr>\n<tr>\n<td valign=\"top\">Neste v\u00eddeo o Bem-aventurado \u00c1lvaro del Portillo fala da efic\u00e1cia da ora\u00e7\u00e3o dos pais.<\/td>\n<\/tr>\n<\/tbody>\n<\/table>\n<\/td>\n<\/tr>\n<\/tbody>\n<\/table>\n<\/td>\n<\/tr>\n<tr>\n<td height=\"18\"><\/td>\n<\/tr>\n<tr>\n<td valign=\"top\" width=\"100%\">\n<table border=\"0\" width=\"100%\" cellspacing=\"0\" cellpadding=\"0\">\n<tbody>\n<tr>\n<td align=\"right\" valign=\"top\" width=\"1%\"><\/td>\n<td width=\"4%\"><\/td>\n<td valign=\"top\" width=\"66%\">\n<table border=\"0\" width=\"100%\" cellspacing=\"0\" cellpadding=\"0\">\n<tbody>\n<tr>\n<td valign=\"top\"><a href=\"http:\/\/opusdei.us7.list-manage.com\/track\/click?u=1af5d7b530cb590152589eba5&amp;id=d4feaedee4&amp;e=f88f8593e5\" target=\"_blank\"><b>AUDI\u00caNCIAS<\/b><\/a><\/td>\n<\/tr>\n<tr>\n<td valign=\"top\"><a href=\"http:\/\/opusdei.us7.list-manage1.com\/track\/click?u=1af5d7b530cb590152589eba5&amp;id=87442f38be&amp;e=f88f8593e5\" target=\"_blank\"><b>Ensinar os filhos a rezar<\/b><\/a><\/td>\n<\/tr>\n<tr>\n<td valign=\"top\">Nesta audi\u00eancia o Papa fala da import\u00e2ncia do tempo de ora\u00e7\u00e3o nas fam\u00edlias e de ensinar os filhos a rezar.<\/td>\n<\/tr>\n<\/tbody>\n<\/table>\n<\/td>\n<\/tr>\n<\/tbody>\n<\/table>\n<\/td>\n<\/tr>\n<tr>\n<td height=\"18\"><\/td>\n<\/tr>\n<tr>\n<td valign=\"top\" width=\"100%\">\n<table border=\"0\" width=\"100%\" cellspacing=\"0\" cellpadding=\"0\">\n<tbody>\n<tr>\n<td align=\"right\" valign=\"top\" width=\"30%\"><a href=\"http:\/\/opusdei.us7.list-manage.com\/track\/click?u=1af5d7b530cb590152589eba5&amp;id=68ea4fbe86&amp;e=f88f8593e5\" target=\"_blank\"><img class=\"CToWUd\" src=\"https:\/\/ci5.googleusercontent.com\/proxy\/qS8FsP17VJOECJKx-ip0deYRzWAPqKK4062kxF4q6DBy1nsfTQLppyXXIH6ZXAu9XytKnKNUwt6ZczNCKJiAcG-wreld_Q28wxGMwcOP2ccbShZU_OR3g6tCPhKpBWV-yvDdZcmmCBa06IXErftLO8unu6wd1WA=s0-d-e1-ft#http:\/\/odnmedia.s3.amazonaws.com\/image\/IsidoroBarco_20150826145050503107_20150827150007167864.jpg\" alt=\"\" width=\"96\" border=\"0\" \/><\/a><\/td>\n<td width=\"4%\"><\/td>\n<td valign=\"top\" width=\"66%\">\n<table border=\"0\" width=\"100%\" cellspacing=\"0\" cellpadding=\"0\">\n<tbody>\n<tr>\n<td valign=\"top\"><a href=\"http:\/\/opusdei.us7.list-manage.com\/track\/click?u=1af5d7b530cb590152589eba5&amp;id=721e7b06b3&amp;e=f88f8593e5\" target=\"_blank\"><b>RECURSOS<\/b><\/a><\/td>\n<\/tr>\n<tr>\n<td valign=\"top\"><a href=\"http:\/\/opusdei.us7.list-manage2.com\/track\/click?u=1af5d7b530cb590152589eba5&amp;id=6acc12a8d8&amp;e=f88f8593e5\" target=\"_blank\"><b>Isidoro descobre a chamada de Deus<\/b><\/a><\/td>\n<\/tr>\n<tr>\n<td valign=\"top\">No dia 24 de agosto de 1930, Isidoro Zorzano descobriu que Deus lhe chamava ao Opus Dei, gra\u00e7as a um encontro providencial com S\u00e3o Josemaria, em numa rua de Madri.<\/td>\n<\/tr>\n<\/tbody>\n<\/table>\n<\/td>\n<\/tr>\n<\/tbody>\n<\/table>\n<\/td>\n<\/tr>\n<tr>\n<td height=\"18\"><\/td>\n<\/tr>\n<tr>\n<td valign=\"top\" width=\"100%\">\n<table border=\"0\" width=\"100%\" cellspacing=\"0\" cellpadding=\"0\">\n<tbody>\n<tr>\n<td align=\"right\" valign=\"top\" width=\"1%\"><\/td>\n<td width=\"4%\"><\/td>\n<td valign=\"top\" width=\"66%\">\n<table border=\"0\" width=\"100%\" cellspacing=\"0\" cellpadding=\"0\">\n<tbody>\n<tr>\n<td valign=\"top\"><a href=\"http:\/\/opusdei.us7.list-manage.com\/track\/click?u=1af5d7b530cb590152589eba5&amp;id=640166e201&amp;e=f88f8593e5\" target=\"_blank\"><b>PRELADO<\/b><\/a><\/td>\n<\/tr>\n<tr>\n<td valign=\"top\"><a href=\"http:\/\/opusdei.us7.list-manage2.com\/track\/click?u=1af5d7b530cb590152589eba5&amp;id=48039008e3&amp;e=f88f8593e5\" target=\"_blank\"><b>Com o Prelado na festa da Assun\u00e7\u00e3o<\/b><\/a><\/td>\n<\/tr>\n<tr>\n<td valign=\"top\">No dia 15 de agosto, durante sua visita pastoral na Col\u00f4mbia, D. Javier Echevarr\u00eda falou sobre o exemplo de S\u00e3o Josemaria de amor a Nossa Senhora.<\/td>\n<\/tr>\n<\/tbody>\n<\/table>\n<\/td>\n<\/tr>\n<\/tbody>\n<\/table>\n<\/td>\n<\/tr>\n<\/tbody>\n<\/table>\n<\/td>\n<\/tr>\n<\/tbody>\n<\/table>\n","protected":false},"excerpt":{"rendered":"<p>28 de Agosto de 2015 Catequese do Papa: Ensinar os filhos a rezar e v\u00eddeo do Bem-aventurado \u00c1lvaro del Portillo sobre a ora\u00e7\u00e3o dos pais. HOME 10 conselhos do Papa para o cuidado do meio ambiente Com a nova Jornada Mundial de Ora\u00e7\u00e3o pelo Cuidado da Cria\u00e7\u00e3o, que ser\u00e1 celebrada no dia 1\u00ba de setembro, [&hellip;]<\/p>\n","protected":false},"author":2,"featured_media":0,"comment_status":"open","ping_status":"open","sticky":false,"template":"","format":"standard","meta":{"_links_to":"","_links_to_target":""},"categories":[28],"tags":[],"_links":{"self":[{"href":"https:\/\/www.r2cpress.com.br\/v1\/wp-json\/wp\/v2\/posts\/95484"}],"collection":[{"href":"https:\/\/www.r2cpress.com.br\/v1\/wp-json\/wp\/v2\/posts"}],"about":[{"href":"https:\/\/www.r2cpress.com.br\/v1\/wp-json\/wp\/v2\/types\/post"}],"author":[{"embeddable":true,"href":"https:\/\/www.r2cpress.com.br\/v1\/wp-json\/wp\/v2\/users\/2"}],"replies":[{"embeddable":true,"href":"https:\/\/www.r2cpress.com.br\/v1\/wp-json\/wp\/v2\/comments?post=95484"}],"version-history":[{"count":1,"href":"https:\/\/www.r2cpress.com.br\/v1\/wp-json\/wp\/v2\/posts\/95484\/revisions"}],"predecessor-version":[{"id":95485,"href":"https:\/\/www.r2cpress.com.br\/v1\/wp-json\/wp\/v2\/posts\/95484\/revisions\/95485"}],"wp:attachment":[{"href":"https:\/\/www.r2cpress.com.br\/v1\/wp-json\/wp\/v2\/media?parent=95484"}],"wp:term":[{"taxonomy":"category","embeddable":true,"href":"https:\/\/www.r2cpress.com.br\/v1\/wp-json\/wp\/v2\/categories?post=95484"},{"taxonomy":"post_tag","embeddable":true,"href":"https:\/\/www.r2cpress.com.br\/v1\/wp-json\/wp\/v2\/tags?post=95484"}],"curies":[{"name":"wp","href":"https:\/\/api.w.org\/{rel}","templated":true}]}}