{"id":95537,"date":"2015-09-01T13:26:20","date_gmt":"2015-09-01T16:26:20","guid":{"rendered":"http:\/\/www.r2cpress.com.br\/v1\/?p=95537"},"modified":"2015-09-01T13:26:20","modified_gmt":"2015-09-01T16:26:20","slug":"governo-da-bahia-lanca-edital-de-apoio-cultural-em-espacos-publicos","status":"publish","type":"post","link":"https:\/\/www.r2cpress.com.br\/v1\/2015\/09\/01\/governo-da-bahia-lanca-edital-de-apoio-cultural-em-espacos-publicos\/","title":{"rendered":"Governo da Bahia lan\u00e7a edital de apoio cultural em espa\u00e7os p\u00fablicos"},"content":{"rendered":"<div>Pessoas f\u00edsicas e jur\u00eddicas de toda a Bahia v\u00e3o ter at\u00e9 o dia 30 de setembro para inscrever projetos de qualquer segmento cultural para concorrer ao edital de dinamiza\u00e7\u00e3o em espa\u00e7os culturais, lan\u00e7ado na manh\u00e3 desta ter\u00e7a-feira (1\u00ba) pelo governador Rui Costa, em evento realizado no Pal\u00e1cio Rio Branco, em Salvador.<\/div>\n<div><\/div>\n<div>Por meio do Agita\u00e7\u00e3o Cultural, o Governo do Estado vai investir R$ 15 milh\u00f5es em projetos que devem ser realizados em espa\u00e7os p\u00fablicos convencionais &#8211; como teatro, arquivo p\u00fablico ou biblioteca &#8211; e anticonvencionais do territ\u00f3rio baiano, a exemplo de uma pra\u00e7a com pouca movimenta\u00e7\u00e3o. No m\u00ednimo, 100 projetos devem ser contemplados, visto que o teto de apoio por proposta \u00e9 de R$ 150 mil &#8211; verba que estar\u00e1 dispon\u00edvel de forma integral assim que a ideia for selecionada.<\/div>\n<div><\/div>\n<div>O recurso \u00e9 proveniente do Fundo de Cultura da Bahia (FCBA), mecanismo de fomento gerido pelas secretarias estaduais da Cultura (Secult) e da Fazenda (Sefaz). Cada projeto selecionado deve ser realizado de janeiro a julho de 2016, per\u00edodo em que o calend\u00e1rio baiano engloba grandes eventos na capital e no interior, a exemplo do Carnaval.<\/div>\n<div><\/div>\n<div>&#8220;A Bahia \u00e9 rica em diversidade cultural. \u00c9 refer\u00eancia no pa\u00eds inteiro. N\u00f3s temos que dar espa\u00e7o \u00e0s artes e culturas, para sermos visitados mais e mais, e gerar empregos atrav\u00e9s da arte e da cultura. Elas s\u00e3o alimento da alma e vetor de desenvolvimento econ\u00f4mico&#8221;, ressalta o governador. As inscri\u00e7\u00f5es podem ser feitas a partir desta quarta-feira (2), por meio do\u00a0<a href=\"http:\/\/www.cultura.ba.gov.br\/\" target=\"_blank\"><b>site da Secretaria de Cultura<\/b><\/a>\u00a0e pelo\u00a0<a href=\"http:\/\/siic.cultura.ba.gov.br\/\" target=\"_blank\"><b>Sistema de Informa\u00e7\u00f5es e Indicadores em Cultura (SIIC)<\/b><\/a>.<\/div>\n","protected":false},"excerpt":{"rendered":"<p>Pessoas f\u00edsicas e jur\u00eddicas de toda a Bahia v\u00e3o ter at\u00e9 o dia 30 de setembro para inscrever projetos de qualquer segmento cultural para concorrer ao edital de dinamiza\u00e7\u00e3o em espa\u00e7os culturais, lan\u00e7ado na manh\u00e3 desta ter\u00e7a-feira (1\u00ba) pelo governador Rui Costa, em evento realizado no Pal\u00e1cio Rio Branco, em Salvador. Por meio do Agita\u00e7\u00e3o [&hellip;]<\/p>\n","protected":false},"author":2,"featured_media":0,"comment_status":"open","ping_status":"open","sticky":false,"template":"","format":"standard","meta":{"_links_to":"","_links_to_target":""},"categories":[5,29],"tags":[],"_links":{"self":[{"href":"https:\/\/www.r2cpress.com.br\/v1\/wp-json\/wp\/v2\/posts\/95537"}],"collection":[{"href":"https:\/\/www.r2cpress.com.br\/v1\/wp-json\/wp\/v2\/posts"}],"about":[{"href":"https:\/\/www.r2cpress.com.br\/v1\/wp-json\/wp\/v2\/types\/post"}],"author":[{"embeddable":true,"href":"https:\/\/www.r2cpress.com.br\/v1\/wp-json\/wp\/v2\/users\/2"}],"replies":[{"embeddable":true,"href":"https:\/\/www.r2cpress.com.br\/v1\/wp-json\/wp\/v2\/comments?post=95537"}],"version-history":[{"count":1,"href":"https:\/\/www.r2cpress.com.br\/v1\/wp-json\/wp\/v2\/posts\/95537\/revisions"}],"predecessor-version":[{"id":95538,"href":"https:\/\/www.r2cpress.com.br\/v1\/wp-json\/wp\/v2\/posts\/95537\/revisions\/95538"}],"wp:attachment":[{"href":"https:\/\/www.r2cpress.com.br\/v1\/wp-json\/wp\/v2\/media?parent=95537"}],"wp:term":[{"taxonomy":"category","embeddable":true,"href":"https:\/\/www.r2cpress.com.br\/v1\/wp-json\/wp\/v2\/categories?post=95537"},{"taxonomy":"post_tag","embeddable":true,"href":"https:\/\/www.r2cpress.com.br\/v1\/wp-json\/wp\/v2\/tags?post=95537"}],"curies":[{"name":"wp","href":"https:\/\/api.w.org\/{rel}","templated":true}]}}