{"id":95539,"date":"2015-09-01T13:33:16","date_gmt":"2015-09-01T16:33:16","guid":{"rendered":"http:\/\/www.r2cpress.com.br\/v1\/?p=95539"},"modified":"2015-09-01T13:33:16","modified_gmt":"2015-09-01T16:33:16","slug":"campanha-de-vacinacao-contra-a-poliomielite-e-estendida-em-ilheus","status":"publish","type":"post","link":"https:\/\/www.r2cpress.com.br\/v1\/2015\/09\/01\/campanha-de-vacinacao-contra-a-poliomielite-e-estendida-em-ilheus\/","title":{"rendered":"Campanha de vacina\u00e7\u00e3o contra a Poliomielite \u00e9 estendida em Ilh\u00e9us"},"content":{"rendered":"<p><em>O trabalho, que j\u00e1 imunizou mais de sete mil crian\u00e7as em Ilh\u00e9us, seguir\u00e1 at\u00e9 o dia dez deste m\u00eas<\/em><\/p>\n<p>A campanha de vacina\u00e7\u00e3o contra Poliomielite e multivacina\u00e7\u00e3o, que seria encerrada nesta segunda-feira, 31, foi prorrogada at\u00e9 o pr\u00f3ximo dia dez de setembro. At\u00e9 agora, segundo dados da Secretaria de Sa\u00fade (Sesau) de Ilh\u00e9us, foram vacinadas, em todo o munic\u00edpio, 7.454 crian\u00e7as com idade entre seis meses e menores de cinco anos. A coordenadora do setor de Imuniza\u00e7\u00e3o da Sesau, Walk\u00edria Cardeal, espera que at\u00e9 o fim do prazo seja atingida a meta de vacinar 12.281 crian\u00e7as.<\/p>\n<p>As doses das vacinas continuam dispon\u00edveis nas unidades da rede b\u00e1sica de atendimento, que funcionam das 8 \u00e0s 17h. \u201cCom a prorroga\u00e7\u00e3o do prazo, os pais de crian\u00e7as que est\u00e3o no grupo de imuniza\u00e7\u00e3o ganham mais um tempo para proteger seus filhos. Assim, esperamos atingir a meta estabelecida, imunizando contra a paralisia infantil (poliomielite) e tamb\u00e9m outras doen\u00e7as\u201d, salienta Cardeal.<\/p>\n<p>At\u00e9 o dia dez, continuam funcionando como postos de vacina\u00e7\u00e3o as unidades de sa\u00fade dos seguintes bairros: Oliven\u00e7a, Nossa Senhora da Vit\u00f3ria, Parque Infantil, Iguape, Centro Social Urbano (CSU), Teot\u00f4nio Vilela, Banco da Vit\u00f3ria, Salobrinho, Vila Cachoeira, Conquista, Princesa Isabel, Bas\u00edlio, e tamb\u00e9m na antiga sede do Sesp, na Avenida Canavieiras. Al\u00e9m disso, equipes volantes realizam vacina\u00e7\u00e3o em comunidades distantes do centro urbano de Ilh\u00e9us.<\/p>\n<p><strong>Campanha<\/strong> &#8211; A Campanha Nacional de Vacina\u00e7\u00e3o contra a Poliomielite, coordenada pelo Minist\u00e9rio da Sa\u00fade, tem o objetivo de vacinar indiscriminadamente crian\u00e7as de seis meses a menores de cinco anos de idade, mantendo, desta forma, elevadas as coberturas vacinais, sempre de forma homog\u00eanea, em todos os munic\u00edpios, visando evitar a reintrodu\u00e7\u00e3o do v\u00edrus da doen\u00e7a no Pa\u00eds.<\/p>\n<p>Com rela\u00e7\u00e3o \u00e0 Campanha Nacional de Multivacina\u00e7\u00e3o, que tamb\u00e9m tem como grupo alvo as crian\u00e7as menores de cinco anos, a estrat\u00e9gia \u00e9 oferecer v\u00e1rias vacinas ao mesmo tempo. A proposta \u00e9 melhorar a cobertura vacinal e otimizar a log\u00edstica dos servi\u00e7os de sa\u00fade.<\/p>\n","protected":false},"excerpt":{"rendered":"<p>O trabalho, que j\u00e1 imunizou mais de sete mil crian\u00e7as em Ilh\u00e9us, seguir\u00e1 at\u00e9 o dia dez deste m\u00eas A campanha de vacina\u00e7\u00e3o contra Poliomielite e multivacina\u00e7\u00e3o, que seria encerrada nesta segunda-feira, 31, foi prorrogada at\u00e9 o pr\u00f3ximo dia dez de setembro. At\u00e9 agora, segundo dados da Secretaria de Sa\u00fade (Sesau) de Ilh\u00e9us, foram vacinadas, [&hellip;]<\/p>\n","protected":false},"author":2,"featured_media":0,"comment_status":"open","ping_status":"open","sticky":false,"template":"","format":"standard","meta":{"_links_to":"","_links_to_target":""},"categories":[23,24],"tags":[],"_links":{"self":[{"href":"https:\/\/www.r2cpress.com.br\/v1\/wp-json\/wp\/v2\/posts\/95539"}],"collection":[{"href":"https:\/\/www.r2cpress.com.br\/v1\/wp-json\/wp\/v2\/posts"}],"about":[{"href":"https:\/\/www.r2cpress.com.br\/v1\/wp-json\/wp\/v2\/types\/post"}],"author":[{"embeddable":true,"href":"https:\/\/www.r2cpress.com.br\/v1\/wp-json\/wp\/v2\/users\/2"}],"replies":[{"embeddable":true,"href":"https:\/\/www.r2cpress.com.br\/v1\/wp-json\/wp\/v2\/comments?post=95539"}],"version-history":[{"count":1,"href":"https:\/\/www.r2cpress.com.br\/v1\/wp-json\/wp\/v2\/posts\/95539\/revisions"}],"predecessor-version":[{"id":95540,"href":"https:\/\/www.r2cpress.com.br\/v1\/wp-json\/wp\/v2\/posts\/95539\/revisions\/95540"}],"wp:attachment":[{"href":"https:\/\/www.r2cpress.com.br\/v1\/wp-json\/wp\/v2\/media?parent=95539"}],"wp:term":[{"taxonomy":"category","embeddable":true,"href":"https:\/\/www.r2cpress.com.br\/v1\/wp-json\/wp\/v2\/categories?post=95539"},{"taxonomy":"post_tag","embeddable":true,"href":"https:\/\/www.r2cpress.com.br\/v1\/wp-json\/wp\/v2\/tags?post=95539"}],"curies":[{"name":"wp","href":"https:\/\/api.w.org\/{rel}","templated":true}]}}