{"id":95548,"date":"2015-09-01T23:36:16","date_gmt":"2015-09-02T02:36:16","guid":{"rendered":"http:\/\/www.r2cpress.com.br\/v1\/?p=95548"},"modified":"2015-09-01T23:36:16","modified_gmt":"2015-09-02T02:36:16","slug":"detran-ba-e-policia-militar-firmam-parceria-para-qualificar-blitze","status":"publish","type":"post","link":"https:\/\/www.r2cpress.com.br\/v1\/2015\/09\/01\/detran-ba-e-policia-militar-firmam-parceria-para-qualificar-blitze\/","title":{"rendered":"Detran-BA e Pol\u00edcia Militar firmam parceria para qualificar blitze"},"content":{"rendered":"<p>Para promover a\u00e7\u00f5es educativas no tr\u00e2nsito, fiscalizar itens de seguran\u00e7a obrigat\u00f3rios &#8211; extintor, estepe, far\u00f3is, tri\u00e2ngulo sinalizador, macaco hidr\u00e1ulico, etc.- , al\u00e9m de reduzir os \u00edndices de crimes por meio de apreens\u00f5es de armas, entorpecentes e recupera\u00e7\u00e3o de ve\u00edculos roubados, o Departamento Estadual de Tr\u00e2nsito da Bahia (Detran-BA) firmou parceria com a Pol\u00edcia Militar para capacitar parte do efetivo que atua nas blitze na capital e Regi\u00e3o Metropolitana de Salvador (RMS).<\/p>\n<p><span style=\"font-size: small;\">Cerca de 250 policiais militares devem participar at\u00e9 sexta-feira (4) do curso de capacita\u00e7\u00e3o realizado na sede do Detran, em Salvador. A apresenta\u00e7\u00e3o de ferramentas tecnol\u00f3gicas, entre elas aplicativos de celular para consultar a situa\u00e7\u00e3o dos ve\u00edculos, faz parte dos conte\u00fados ministrados.<br \/>\n<\/span><span style=\"font-size: small;\"><br \/>\nOutro ponto exposto foi a recomenda\u00e7\u00e3o que o governador Rui Costa fez \u00e0 PM de colocar mais policiais nas ruas para as abordagens. Na opini\u00e3o do coordenador de Opera\u00e7\u00f5es e Servi\u00e7os Extraordin\u00e1rios do Comando de Opera\u00e7\u00f5es da PM, major Ant\u00f4nio C\u00e9sar, \u201ccom a possibilidade de utilizar m\u00e3o de obra policial em jornadas extras, temos condi\u00e7\u00e3o de incrementar o efetivo da cidade e atuar de maneira educativa e preventiva no tr\u00e2nsito, que tem sido um ponto de aten\u00e7\u00e3o para o desenvolvimento do nosso trabalho\u201d.<br \/>\n<\/span><span style=\"font-size: small;\"><br \/>\n<\/span><span style=\"font-size: small;\"><b>Lei seca<\/b><\/span><\/p>\n<p><!--more--><\/p>\n<p><span style=\"font-size: small;\"><br \/>\n<\/span><span style=\"font-size: small;\"><br \/>\nO assessor especial da diretoria geral do Detran-BA, coronel PM Alfredo Castro, afirmou que a promo\u00e7\u00e3o da paz no transito \u00e9 um dos focos da a\u00e7\u00e3o. Ele informou ainda que o cumprimento da Lei Seca tamb\u00e9m ser\u00e1 uma das prioridades durante as blitze. \u201cEstaremos levando a\u00e7\u00f5es educativas para os condutores de ve\u00edculo. Isso ser\u00e1 feito por funcion\u00e1rios do Detran. \u00c9 um diferencial. O Detran vem assumindo, quase na sua totalidade, a fiscaliza\u00e7\u00e3o e a orienta\u00e7\u00e3o do tr\u00e2nsito de Salvador, regi\u00e3o metropolitana e em todo o estado da Bahia\u201d.<br \/>\n<\/span><span style=\"font-size: small;\"><br \/>\n<\/span><span style=\"font-size: small;\"><b>Metodologia<\/b><br \/>\n<\/span><span style=\"font-size: small;\"><br \/>\nDivididos em grupos de 40 a 50 participantes, durante uma din\u00e2mica de grupo, desenvolvido pela professora de rela\u00e7\u00f5es p\u00fablicas Cristiane Cunha, os militares t\u00eam a possibilidade de expor pontos positivos e negativos identificados durante as abordagens no tr\u00e2nsito, al\u00e9m de dar sugest\u00f5es. \u201cPor incr\u00edvel que pare\u00e7a, a dificuldade mais citada por eles foi a de relacionamento com o p\u00fablico, que tem uma dificuldade grande de aceitar e compreender o tempo de espera para a realiza\u00e7\u00e3o das abordagens\u201d.<br \/>\n<\/span><span style=\"font-size: small;\"><br \/>\nH\u00e1 20 anos na PM, o sargento Cl\u00e1udio Maia considera fundamental a capacita\u00e7\u00e3o para uma melhor presta\u00e7\u00e3o de servi\u00e7os \u00e0 sociedade. Ele acredita que o curso amplia a seguran\u00e7a aos policiais e aos condutores durante as blitze. Ele tamb\u00e9m considera fundamental que a sociedade compreenda a import\u00e2ncia das abordagens. \u201cEst\u00e1 previsto na Constitui\u00e7\u00e3o que todos s\u00e3o respons\u00e1veis pela seguran\u00e7a. Ent\u00e3o, uma forma de o cidad\u00e3o contribuir com a seguran\u00e7a \u00e9 permitir a aproxima\u00e7\u00e3o da pol\u00edcia, a abordagem para garantir um ir e vir mais tranquilo\u201d.<\/span><\/p>\n","protected":false},"excerpt":{"rendered":"<p>Para promover a\u00e7\u00f5es educativas no tr\u00e2nsito, fiscalizar itens de seguran\u00e7a obrigat\u00f3rios &#8211; extintor, estepe, far\u00f3is, tri\u00e2ngulo sinalizador, macaco hidr\u00e1ulico, etc.- , al\u00e9m de reduzir os \u00edndices de crimes por meio de apreens\u00f5es de armas, entorpecentes e recupera\u00e7\u00e3o de ve\u00edculos roubados, o Departamento Estadual de Tr\u00e2nsito da Bahia (Detran-BA) firmou parceria com a Pol\u00edcia Militar para [&hellip;]<\/p>\n","protected":false},"author":2,"featured_media":0,"comment_status":"open","ping_status":"open","sticky":false,"template":"","format":"standard","meta":{"_links_to":"","_links_to_target":""},"categories":[29,25],"tags":[],"_links":{"self":[{"href":"https:\/\/www.r2cpress.com.br\/v1\/wp-json\/wp\/v2\/posts\/95548"}],"collection":[{"href":"https:\/\/www.r2cpress.com.br\/v1\/wp-json\/wp\/v2\/posts"}],"about":[{"href":"https:\/\/www.r2cpress.com.br\/v1\/wp-json\/wp\/v2\/types\/post"}],"author":[{"embeddable":true,"href":"https:\/\/www.r2cpress.com.br\/v1\/wp-json\/wp\/v2\/users\/2"}],"replies":[{"embeddable":true,"href":"https:\/\/www.r2cpress.com.br\/v1\/wp-json\/wp\/v2\/comments?post=95548"}],"version-history":[{"count":2,"href":"https:\/\/www.r2cpress.com.br\/v1\/wp-json\/wp\/v2\/posts\/95548\/revisions"}],"predecessor-version":[{"id":95550,"href":"https:\/\/www.r2cpress.com.br\/v1\/wp-json\/wp\/v2\/posts\/95548\/revisions\/95550"}],"wp:attachment":[{"href":"https:\/\/www.r2cpress.com.br\/v1\/wp-json\/wp\/v2\/media?parent=95548"}],"wp:term":[{"taxonomy":"category","embeddable":true,"href":"https:\/\/www.r2cpress.com.br\/v1\/wp-json\/wp\/v2\/categories?post=95548"},{"taxonomy":"post_tag","embeddable":true,"href":"https:\/\/www.r2cpress.com.br\/v1\/wp-json\/wp\/v2\/tags?post=95548"}],"curies":[{"name":"wp","href":"https:\/\/api.w.org\/{rel}","templated":true}]}}