{"id":95557,"date":"2015-09-02T13:51:34","date_gmt":"2015-09-02T16:51:34","guid":{"rendered":"http:\/\/www.r2cpress.com.br\/v1\/?p=95557"},"modified":"2015-09-02T13:52:33","modified_gmt":"2015-09-02T16:52:33","slug":"no-blog-do-chico-andrade","status":"publish","type":"post","link":"https:\/\/www.r2cpress.com.br\/v1\/2015\/09\/02\/no-blog-do-chico-andrade\/","title":{"rendered":"No  Blog do Chico Andrade"},"content":{"rendered":"<h3 class=\"entry_title\" style=\"text-align: center;\"><span style=\"color: #000000;\"><strong>Urgente: Bandido que assassinou neta de comerciante ilheense \u00e9 preso<\/strong><\/span><\/h3>\n<p class=\"entry_title\" style=\"text-align: center;\"><span class=\"postdate\">2 de setembro de 2015 | <\/span><span class=\"postcat\">Arquivado em: <a href=\"http:\/\/chicoandrade.com.br\/blog\/category\/policia\/\" rel=\"category tag\">Policia<\/a> | <\/span><span class=\"postauthor\">Publicado por: <a title=\"Posts de Chico Andrade\" href=\"http:\/\/chicoandrade.com.br\/blog\/author\/chico\/\" rel=\"author\">Chico Andrade<\/a><\/span><\/p>\n<p><img loading=\"lazy\" class=\"alignright\" src=\"http:\/\/chicoandrade.com.br\/blog\/wp-content\/uploads\/2015\/09\/reclameboca__preso-suspeito-de-matar-a-filha-do-comerciante-ilheense-em-salvador_02.jpg\" alt=\"\" width=\"152\" height=\"269\" \/>O suspeito de ter assassinado a estudante de medicina Mariana Oliveira Telles, de 22 anos, est\u00e1 preso. De acordo com a pol\u00edcia, ele foi identificado como Gilm\u00e1rio Alves dos Santos e preso em uma localidade popularmente conhecida como inferninho, localizada no bairro Costa Azul.<\/p>\n<p>Gilm\u00e1rio estava com uma pistola 380 e um rev\u00f3lver calibre 38. Os policiais acreditam que o rev\u00f3lver tenha sido a arma usada no crime que resultou na morte de Mariana, ocorrida na rua Coronel Durval Matos, no bairro Costa Azul, em Salvador.<\/p>\n<p>Mariana era neta do conhecido e querido casal de ilheenses Mois\u00e9s e Raimunda Telles, propriet\u00e1rios da loja Rainha dos retalhos, localizada no centro de Ilh\u00e9us. A pris\u00e3o do meliante foi realizada por policiais civis do departamento de homic\u00eddios e prote\u00e7\u00e3o \u00e1 pessoa e por policiais civis da delegacia de repress\u00e3o \u00e1 furtos e roubos de ve\u00edculos.<\/p>\n<p><span style=\"color: #000000;\"><strong>BLOG DO CHICO ANDRADE:<\/strong><\/span><\/p>\n<p>http:\/\/chicoandrade.com.br\/blog\/urgente-bandido-que-assassinou-neta-de-comerciante-ilheense-e-preso\/<\/p>\n","protected":false},"excerpt":{"rendered":"<p>Urgente: Bandido que assassinou neta de comerciante ilheense \u00e9 preso 2 de setembro de 2015 | Arquivado em: Policia | Publicado por: Chico Andrade O suspeito de ter assassinado a estudante de medicina Mariana Oliveira Telles, de 22 anos, est\u00e1 preso. De acordo com a pol\u00edcia, ele foi identificado como Gilm\u00e1rio Alves dos Santos e [&hellip;]<\/p>\n","protected":false},"author":2,"featured_media":0,"comment_status":"open","ping_status":"open","sticky":false,"template":"","format":"standard","meta":{"_links_to":"","_links_to_target":""},"categories":[13],"tags":[],"_links":{"self":[{"href":"https:\/\/www.r2cpress.com.br\/v1\/wp-json\/wp\/v2\/posts\/95557"}],"collection":[{"href":"https:\/\/www.r2cpress.com.br\/v1\/wp-json\/wp\/v2\/posts"}],"about":[{"href":"https:\/\/www.r2cpress.com.br\/v1\/wp-json\/wp\/v2\/types\/post"}],"author":[{"embeddable":true,"href":"https:\/\/www.r2cpress.com.br\/v1\/wp-json\/wp\/v2\/users\/2"}],"replies":[{"embeddable":true,"href":"https:\/\/www.r2cpress.com.br\/v1\/wp-json\/wp\/v2\/comments?post=95557"}],"version-history":[{"count":3,"href":"https:\/\/www.r2cpress.com.br\/v1\/wp-json\/wp\/v2\/posts\/95557\/revisions"}],"predecessor-version":[{"id":95560,"href":"https:\/\/www.r2cpress.com.br\/v1\/wp-json\/wp\/v2\/posts\/95557\/revisions\/95560"}],"wp:attachment":[{"href":"https:\/\/www.r2cpress.com.br\/v1\/wp-json\/wp\/v2\/media?parent=95557"}],"wp:term":[{"taxonomy":"category","embeddable":true,"href":"https:\/\/www.r2cpress.com.br\/v1\/wp-json\/wp\/v2\/categories?post=95557"},{"taxonomy":"post_tag","embeddable":true,"href":"https:\/\/www.r2cpress.com.br\/v1\/wp-json\/wp\/v2\/tags?post=95557"}],"curies":[{"name":"wp","href":"https:\/\/api.w.org\/{rel}","templated":true}]}}