{"id":95572,"date":"2015-09-02T15:20:39","date_gmt":"2015-09-02T18:20:39","guid":{"rendered":"http:\/\/www.r2cpress.com.br\/v1\/?p=95572"},"modified":"2015-09-02T15:23:50","modified_gmt":"2015-09-02T18:23:50","slug":"conselho-de-politicas-culturais-de-itabuna-empossa-nova-diretoria","status":"publish","type":"post","link":"https:\/\/www.r2cpress.com.br\/v1\/2015\/09\/02\/conselho-de-politicas-culturais-de-itabuna-empossa-nova-diretoria\/","title":{"rendered":"CONSELHO DE POL\u00cdTICAS CULTURAIS DE ITABUNA EMPOSSA NOVA DIRETORIA"},"content":{"rendered":"<p>No pr\u00f3ximo dia 10 de setembro o <strong>CONSELHO MUNICIPAL DE POL\u00cdTICAS CULTURAIS DE ITABUNA \u2013 CMPCI<\/strong>, oficialmente instalado em junho deste ano, estar\u00e1 realizando a Posse Oficial da sua Diretoria, que ocorrer\u00e1 no Plen\u00e1rio da C\u00e2mara de Vereadores (Av. Aziz Maron, pr\u00e9dio do Espa\u00e7o Cultural Josu\u00e9 Brand\u00e3o), as 15:00 horas.<\/p>\n<div id=\"attachment_95575\" style=\"width: 560px\" class=\"wp-caption aligncenter\"><a href=\"http:\/\/www.r2cpress.com.br\/v1\/wp-content\/uploads\/2015\/09\/Diretoria-do-CMPCI.jpg\"><img aria-describedby=\"caption-attachment-95575\" loading=\"lazy\" class=\"size-full wp-image-95575\" src=\"http:\/\/www.r2cpress.com.br\/v1\/wp-content\/uploads\/2015\/09\/Diretoria-do-CMPCI.jpg\" alt=\"Diretoria do CMPCI\" width=\"550\" height=\"413\" srcset=\"https:\/\/www.r2cpress.com.br\/v1\/wp-content\/uploads\/2015\/09\/Diretoria-do-CMPCI.jpg 550w, https:\/\/www.r2cpress.com.br\/v1\/wp-content\/uploads\/2015\/09\/Diretoria-do-CMPCI-300x225.jpg 300w\" sizes=\"(max-width: 550px) 100vw, 550px\" \/><\/a><p id=\"caption-attachment-95575\" class=\"wp-caption-text\">Diretoria do CMPCI<\/p><\/div>\n<p>A nova diretoria, eleita em assembleia do Conselho em 25 de agosto, comp\u00f5e-se dos seguintes nomes e respectivos cargos: Luiz Carlos Menezes Dantas (Presidente); Evaldo Costa Batista (Secret\u00e1rio Geral) e Epif\u00e2nio Machado Brand\u00e3o Filho (Suplente).<\/p>\n<p>A programa\u00e7\u00e3o do dia do evento constar\u00e1 de momento oficial, com composi\u00e7\u00e3o da mesa, falas e assinatura do Termo de Posse, interven\u00e7\u00f5es culturais de m\u00fasica e poesia e, para finalizar, ser\u00e1 servido o <em>cofee break.<\/em><\/p>\n","protected":false},"excerpt":{"rendered":"<p>No pr\u00f3ximo dia 10 de setembro o CONSELHO MUNICIPAL DE POL\u00cdTICAS CULTURAIS DE ITABUNA \u2013 CMPCI, oficialmente instalado em junho deste ano, estar\u00e1 realizando a Posse Oficial da sua Diretoria, que ocorrer\u00e1 no Plen\u00e1rio da C\u00e2mara de Vereadores (Av. Aziz Maron, pr\u00e9dio do Espa\u00e7o Cultural Josu\u00e9 Brand\u00e3o), as 15:00 horas. A nova diretoria, eleita em [&hellip;]<\/p>\n","protected":false},"author":2,"featured_media":0,"comment_status":"open","ping_status":"open","sticky":false,"template":"","format":"standard","meta":{"_links_to":"","_links_to_target":""},"categories":[5,15],"tags":[],"_links":{"self":[{"href":"https:\/\/www.r2cpress.com.br\/v1\/wp-json\/wp\/v2\/posts\/95572"}],"collection":[{"href":"https:\/\/www.r2cpress.com.br\/v1\/wp-json\/wp\/v2\/posts"}],"about":[{"href":"https:\/\/www.r2cpress.com.br\/v1\/wp-json\/wp\/v2\/types\/post"}],"author":[{"embeddable":true,"href":"https:\/\/www.r2cpress.com.br\/v1\/wp-json\/wp\/v2\/users\/2"}],"replies":[{"embeddable":true,"href":"https:\/\/www.r2cpress.com.br\/v1\/wp-json\/wp\/v2\/comments?post=95572"}],"version-history":[{"count":3,"href":"https:\/\/www.r2cpress.com.br\/v1\/wp-json\/wp\/v2\/posts\/95572\/revisions"}],"predecessor-version":[{"id":95576,"href":"https:\/\/www.r2cpress.com.br\/v1\/wp-json\/wp\/v2\/posts\/95572\/revisions\/95576"}],"wp:attachment":[{"href":"https:\/\/www.r2cpress.com.br\/v1\/wp-json\/wp\/v2\/media?parent=95572"}],"wp:term":[{"taxonomy":"category","embeddable":true,"href":"https:\/\/www.r2cpress.com.br\/v1\/wp-json\/wp\/v2\/categories?post=95572"},{"taxonomy":"post_tag","embeddable":true,"href":"https:\/\/www.r2cpress.com.br\/v1\/wp-json\/wp\/v2\/tags?post=95572"}],"curies":[{"name":"wp","href":"https:\/\/api.w.org\/{rel}","templated":true}]}}