{"id":95589,"date":"2015-09-02T20:29:33","date_gmt":"2015-09-02T23:29:33","guid":{"rendered":"http:\/\/www.r2cpress.com.br\/v1\/?p=95589"},"modified":"2015-09-02T20:30:14","modified_gmt":"2015-09-02T23:30:14","slug":"noticias-a-avep","status":"publish","type":"post","link":"https:\/\/www.r2cpress.com.br\/v1\/2015\/09\/02\/noticias-a-avep\/","title":{"rendered":"NOT\u00cdCIAS DA AVEP"},"content":{"rendered":"<p><center><img loading=\"lazy\" src=\"http:\/\/www.r2cpress.com.br\/v1\/wp-content\/uploads\/CART%C3%83O-HECKEL-AVEP-300x115.jpg\" width=\"300\" height=\"115\" class=\"aligncenter\" \/><\/center><\/p>\n<h2 style=\"text-align: center;\"><strong>ZEZINHO GANHA E RENATINHO GOLEIA NA 14\u00aa RODADA AVEPIANA<\/strong><\/h2>\n<div style=\"width: 610px\" class=\"wp-caption aligncenter\"><img loading=\"lazy\" class=\"\" src=\"https:\/\/lh3.googleusercontent.com\/-OaOga1-wmkY\/VeeDauGizaI\/AAAAAAABqlI\/uZLJEuUtKyo\/s600-Ic42\/B.jpg\" alt=\"\" width=\"600\" height=\"387\" \/><p class=\"wp-caption-text\">01<\/p><\/div>\n<div style=\"width: 610px\" class=\"wp-caption aligncenter\"><img loading=\"lazy\" class=\"\" src=\"https:\/\/lh3.googleusercontent.com\/-CuF_1fpuNdk\/VeeDbbfU5WI\/AAAAAAABqlY\/B10R2kcxPCE\/s600-Ic42\/D.jpg\" alt=\"\" width=\"600\" height=\"338\" \/><p class=\"wp-caption-text\">02<\/p><\/div>\n<div style=\"width: 610px\" class=\"wp-caption aligncenter\"><img loading=\"lazy\" class=\"\" src=\"https:\/\/lh3.googleusercontent.com\/-BtDDSKii94w\/VeeDbJEDKKI\/AAAAAAABqlU\/18ichIQwESU\/s600-Ic42\/C.jpg\" alt=\"\" width=\"600\" height=\"338\" \/><p class=\"wp-caption-text\">03<\/p><\/div>\n<div style=\"width: 610px\" class=\"wp-caption aligncenter\"><img loading=\"lazy\" class=\"\" src=\"https:\/\/lh3.googleusercontent.com\/-QxXgeco_n6E\/VeeDaI4AsSI\/AAAAAAABqlA\/_gtHtIQ0gUQ\/s600-Ic42\/A.jpg\" alt=\"\" width=\"600\" height=\"398\" \/><p class=\"wp-caption-text\">04<\/p><\/div>\n<p>No Campo Grimaldo a equipe do <em>Capit\u00e3o Zezinho<\/em> <em>da Baixa Fria<\/em> venceu a do <em>Capit\u00e3o Lu\u00eds Humberto<\/em> por 3 a 1. <em>Garrancho e Zezinho(2)<\/em> marcaram para a vencedora, <em>Paulo Melo<\/em> para a perdedora. No Campo Martial a do <em>Capit\u00e3o Renatinho<\/em> goleou a do <em>Capit\u00e3o Crispa da Galera do Fla<\/em> pelo placar de 8 a 1.<em> Pescador(2), Claudio Assis(2), Bacelar e o pr\u00f3prio Renatinho(3)<\/em> foram os marcadores da \u00a0ganhadora, cabendo a <em>Tabosa<\/em> o gol solit\u00e1rio da vencida. Os jogos aconteceram no domingo(30) pela manh\u00e3 como de costume na praia da Av. Soares Lopes, imedia\u00e7\u00f5es da Tenda Teatro Popular de Ilh\u00e9us e fizeram parte da 14\u00aa rodada de \u201cbabas de praia\u201d da Programa\u00e7\u00e3o 2015 desta agremia\u00e7\u00e3o esportiva (Avep- Associa\u00e7\u00e3o de Veteranos de Esporte Praiano). Os ju\u00edzes foram os senhores Kennedy Brito(Campo Grimaldo) \u00a0e Wilson Salviano, ambos da Liga Ilheense de Futebol com boas atua\u00e7\u00f5es. Ali\u00e1s, Salviano \u00e9 tamb\u00e9m presidente desta entidade. Receberam Cart\u00e3o Amarelo na rodada os atletas: Galletti, Pod\u00e3o, Marcondes, Tabosa e Crispa da Galera do Fla<\/p>\n<p><strong>Equipes no Campo Grimaldo<\/strong><\/p>\n<p><!--more--><\/p>\n<p><em>(Cap. Zezinho da Baixa Fria) \u2013 Rosivaldo, Galego, Robert\u00e3o, Dinho (depois Danilo Patury aos 20\u2019 do 1\u00ba tempo), Mario Cabe\u00e7a Branca, Danilo, Adauto, Zezinho B. F., Vado, Zugaib(depois Mario Filho no intervalo do jogo) e Garrancho<\/em><\/p>\n<p><em>(Cap. Lu\u00eds Humberto) \u2013 Jamilton, Galletti, Haroldo(depois Duda Pantera no intervalo do jogo), Raposo, Lu\u00eds M\u00e1rio, Caio, Geraldo, Melga\u00e7o, Paulo Melo, Jos\u00e9 Eduardo e Lu\u00eds Humberto<\/em><\/p>\n<p><strong>Equipes no Campo Martial<\/strong><\/p>\n<p><em>(Cap. Crispa da Galera do Fla) \u2013 Fabio, Djalma Peludo, Robson(depois Wendell aos 30\u2019 da 1\u00aa etapa), Marcondes, Maurilio, Bu\u00edra(depois Pedro Chama Gol no intervalo do jogo), Everaldo Cabe\u00e7a de Flande(depois Ralio no intervalo da partida), Erisvan, \u00a0Silvio Reis(depois Tabosa no intervalo do jogo), \u00a0Marconi e Crispa<\/em><\/p>\n<p><em>(Cap. Renatinho) \u2013 Luciano, Pod\u00e3o, Valmick(depois Marcelo aos 10\u2019 da etapa final), Barcelar, Prof. Jorge Reis, Pescador, Dilton, Renatinho, Claudio Assis, Sena e Carqueija(depois Marcelo no intervalo da partida)<\/em><\/p>\n<p><strong>COMENT\u00c1RIOS<\/strong><\/p>\n<p>Segundo os olheiros comentaristas, no Campo Grimaldo o jogo inteiro fora equilibrado, por\u00e9m a equipe do Cap. Zezinho da Baixa Fria jogando com mais pegada e mais oportunismo conseguira vencer a partida. Oportunidade n\u00e3o desperdi\u00e7ada, por exemplo, pelo atacante Garrancho que voltara a marcar na competi\u00e7\u00e3o, ap\u00f3s tenebroso inverno sem jogar a redonda para a rede. Garrancho para os boleiros possui no curr\u00edculo a marca de \u201c100 anos de praia\u201d. \u00a0\u00a0No Campo Martial relataram que no 1\u00ba tempo da partida as duas equipes se equivaleram, terminando esse per\u00edodo empatadas de 0 a 0. \u00a0A do Cap. Crispa da Galera do Fla chegou a marcar primeiro, aos 10\u2019 da 2\u00aa, mas ap\u00f3s o gol desandara, assim como que dado um branco em todos os jogadores e, em consequ\u00eancia levado uma hist\u00f3rica goleada da oponente. Ademais, salientaram que a entrada dos reservas no intervalo do jogo dera-lhes a impress\u00e3o que a equipe do Cap. Crispa ficaria mais forte. Puro engano; s\u00f3 no papel.<\/p>\n<p><strong>NOTAS<\/strong><\/p>\n<div style=\"width: 610px\" class=\"wp-caption aligncenter\"><img loading=\"lazy\" class=\"\" src=\"https:\/\/lh3.googleusercontent.com\/-SLJPaumPtTQ\/VeeDZJkcdiI\/AAAAAAABqkw\/yw795uqmGSQ\/s600-Ic42\/3.jpg\" alt=\"\" width=\"600\" height=\"452\" \/><p class=\"wp-caption-text\">05<\/p><\/div>\n<div style=\"width: 610px\" class=\"wp-caption aligncenter\"><img loading=\"lazy\" class=\"\" src=\"https:\/\/lh3.googleusercontent.com\/-cPyrsADOpKo\/VeeDZvpfFBI\/AAAAAAABqlE\/_ISiYewFuQQ\/s600-Ic42\/4.jpg\" alt=\"\" width=\"600\" height=\"315\" \/><p class=\"wp-caption-text\">06<\/p><\/div>\n<div style=\"width: 314px\" class=\"wp-caption aligncenter\"><img loading=\"lazy\" class=\"\" src=\"https:\/\/lh3.googleusercontent.com\/-S0ojK7Zk11g\/VeeDZHruzXI\/AAAAAAABqks\/bVX9ty3LkWA\/s512-Ic42\/2.jpg\" alt=\"\" width=\"304\" height=\"512\" \/><p class=\"wp-caption-text\">07<\/p><\/div>\n<div style=\"width: 610px\" class=\"wp-caption aligncenter\"><img loading=\"lazy\" class=\"\" src=\"https:\/\/lh3.googleusercontent.com\/-9ae9ptsp_YU\/VeeDYgnlRUI\/AAAAAAABqkg\/tL2APXlkC8g\/s600-Ic42\/1.jpg\" alt=\"\" width=\"600\" height=\"338\" \/><p class=\"wp-caption-text\">08<\/p><\/div>\n<p>A Cesta da Fraternidade da rodada, embora pouco recheada em raz\u00e3o do baixo n\u00famero de doadores, fora entregue, como estava previsto, ao Abrigo S\u00e3o Vicente de Paula pelas m\u00e3os do presidente Djalma Peludo e do vice Paulo Gois. A representante desta entidade agradeceu e elogiou a pol\u00edtica filantr\u00f3pica adotada pela Avep.<\/p>\n<p>A diretoria avepiana avisa aos associados que a festa de confraterniza\u00e7\u00e3o de fim de ano ser\u00e1 no dia <strong><em>13 de dezembro na AABANEB<\/em><\/strong>, e que ser\u00e3o confeccionadas 80 camisas para, a t\u00edtulo de colabora\u00e7\u00e3o, serem repassadas pelo valor de <strong>R$20,00<\/strong>. Som, cerveja e comida e \u2018outros bichos\u2019 tudo na marra. Como a sede desta antiga agremia\u00e7\u00e3o fica perto de Oliven\u00e7a, uma condu\u00e7\u00e3o coletiva est\u00e1 em estudo. Sim, anunciara tamb\u00e9m para a \u00faltima rodada do m\u00eas de novembro a realiza\u00e7\u00e3o do Torneiro In\u00edcio da temporada 2016<strong>, <\/strong>o qual levar\u00e1 o nome de <strong>Torneio Jackson Lima (In Memoriam<\/strong>)<\/p>\n<p>Face o jogo pau a pau num campo e o escore delatado noutro, os capit\u00e3es das equipes resolveram n\u00e3o elegerem os \u201cBola Cheia da Rodada\u201d<\/p>\n<p><em>As fotos foram tiradas por Marconi, e Prof. Jorge Reis, fot\u00f3grafo de momento et\u00edlicos <\/em><\/p>\n<p><strong>Anotaram os fofoqueiros e boleiros de plant\u00e3o: <\/strong><\/p>\n<ul>\n<li>que o beque de espera Galletti e o atacante Renatinho quando perdem, ficam t\u00e3o retados que n\u00e3o comparecem \u00e0 confraterniza\u00e7\u00e3o de praxe ap\u00f3s os jogos no bar Dois Irm\u00e3os, da Baixa Fria. E sempre arranjam uma desculpa;<\/li>\n<li>que um novo caso de amor homossexual est\u00e1 surgindo no conv\u00edvio avepiano. Capitaram a frase \u201cse me gosta\u201d entre um ex-beque de Camamu e um atacante da fam\u00edlia Leal. Vixe! \u2018Negocinhos\u2019 em apuros!<\/li>\n<li>Registraram ainda que as 6 bandeiras da AVEP ficadas na praia (nas laterais dos dois campos) deram uma porreta visibilidade. Beleza.<\/li>\n<\/ul>\n<p><strong>Banda Podre em A\u00e7\u00e3o<\/strong><\/p>\n<p>O <em>promoter Zezinho da Baixa Fria<\/em> anunciou a partida de volta entre a BANDA PODRE e a COMUNITUBA (<em>Associa\u00e7\u00e3o Desportiva e Comunit\u00e1ria de Sambaituba) dia <strong>20 de setembro<\/strong> na praia da Av. Soares Lopes. A concentra\u00e7\u00e3o se dar\u00e1 ao lado da Tenda Teatro Popular de Ilh\u00e9us (Av. Soares Lopes) e o jogo, obedecendo os rigores da mar\u00e9, est\u00e1 previsto para come\u00e7ar as 10 horas da manh\u00e3. Contribui\u00e7\u00e3o para atender despesas da recep\u00e7\u00e3o: \u00a0<strong>R$25,00<\/strong><\/em><\/p>\n","protected":false},"excerpt":{"rendered":"<p>ZEZINHO GANHA E RENATINHO GOLEIA NA 14\u00aa RODADA AVEPIANA No Campo Grimaldo a equipe do Capit\u00e3o Zezinho da Baixa Fria venceu a do Capit\u00e3o Lu\u00eds Humberto por 3 a 1. Garrancho e Zezinho(2) marcaram para a vencedora, Paulo Melo para a perdedora. No Campo Martial a do Capit\u00e3o Renatinho goleou a do Capit\u00e3o Crispa da [&hellip;]<\/p>\n","protected":false},"author":2,"featured_media":0,"comment_status":"open","ping_status":"open","sticky":false,"template":"","format":"standard","meta":{"_links_to":"","_links_to_target":""},"categories":[11],"tags":[],"_links":{"self":[{"href":"https:\/\/www.r2cpress.com.br\/v1\/wp-json\/wp\/v2\/posts\/95589"}],"collection":[{"href":"https:\/\/www.r2cpress.com.br\/v1\/wp-json\/wp\/v2\/posts"}],"about":[{"href":"https:\/\/www.r2cpress.com.br\/v1\/wp-json\/wp\/v2\/types\/post"}],"author":[{"embeddable":true,"href":"https:\/\/www.r2cpress.com.br\/v1\/wp-json\/wp\/v2\/users\/2"}],"replies":[{"embeddable":true,"href":"https:\/\/www.r2cpress.com.br\/v1\/wp-json\/wp\/v2\/comments?post=95589"}],"version-history":[{"count":4,"href":"https:\/\/www.r2cpress.com.br\/v1\/wp-json\/wp\/v2\/posts\/95589\/revisions"}],"predecessor-version":[{"id":95593,"href":"https:\/\/www.r2cpress.com.br\/v1\/wp-json\/wp\/v2\/posts\/95589\/revisions\/95593"}],"wp:attachment":[{"href":"https:\/\/www.r2cpress.com.br\/v1\/wp-json\/wp\/v2\/media?parent=95589"}],"wp:term":[{"taxonomy":"category","embeddable":true,"href":"https:\/\/www.r2cpress.com.br\/v1\/wp-json\/wp\/v2\/categories?post=95589"},{"taxonomy":"post_tag","embeddable":true,"href":"https:\/\/www.r2cpress.com.br\/v1\/wp-json\/wp\/v2\/tags?post=95589"}],"curies":[{"name":"wp","href":"https:\/\/api.w.org\/{rel}","templated":true}]}}