{"id":95599,"date":"2015-09-03T09:48:36","date_gmt":"2015-09-03T12:48:36","guid":{"rendered":"http:\/\/www.r2cpress.com.br\/v1\/?p=95599"},"modified":"2015-09-03T09:48:36","modified_gmt":"2015-09-03T12:48:36","slug":"ceplac-meu-ultimo-artigo","status":"publish","type":"post","link":"https:\/\/www.r2cpress.com.br\/v1\/2015\/09\/03\/ceplac-meu-ultimo-artigo\/","title":{"rendered":"CEPLAC\u00a0 &#8211;\u00a0 MEU\u00a0 \u00daLTIMO\u00a0 ARTIGO"},"content":{"rendered":"<p><em><strong>Por Jorge Vieira.<\/strong><\/em><\/p>\n<p><img loading=\"lazy\" class=\"alignright\" src=\"http:\/\/www.r2cpress.com.br\/v1\/wp-content\/uploads\/JORGE-VIEIRA.jpg\" alt=\"\" width=\"200\" height=\"306\" \/>Enquanto aguardo a impress\u00e3o do meu livro \u2013 <em>Ceplac \u2013 50 Anos em 50 Escritos<\/em> \u2013 relembro momentos, acontecimentos, amigos e realiza\u00e7\u00f5es; s\u00e3o saudades, surgidas nesse desenlace, mais sentimental que profissional, do\u00a0\u00a0\u00a0\u00a0\u00a0 \u00a0\u00a0excelente per\u00edodo de vida e de trabalho t\u00e9cnico.<\/p>\n<p>Recordo as viagens com os funcion\u00e1rios Edelvito, Diomedes ou Z\u00e9 Verdinho, ex\u00edmios motoristas, em estradas lamacentas ou esburacadas. As reuni\u00f5es com produtores de cacau, os treinamentos com os agr\u00f4nomos novos e ainda inexperientes, na prepara\u00e7\u00e3o de uma equipe capaz de convencer os cacauicultores a uma nova e mais produtiva tecnologia.<\/p>\n<p>Logo, logo os resultados come\u00e7avam a aparecer. Produtores interessados em investir nas propriedades de cacau, com plantas mais produtivas e resistentes a enfermidades. Surgia um espirito de uni\u00e3o, companheirismo e ajuda m\u00fatua.\u00a0 Cria-se a organiza\u00e7\u00e3o nacional dos produtores de cacau e revitalizam-se as antigas associa\u00e7\u00f5es. Ampliam-se as manifesta\u00e7\u00f5es em defesa dos direitos e interesses da classe. Novas lideran\u00e7as surgem. A regi\u00e3o passa a ter uma vida ativa e esperan\u00e7as na nova Ceplac.<\/p>\n<p>Mais tarde, o trabalho da Ceplac, seus planos e ideias concretizam-se, trazendo aos produtores e \u00e0 regi\u00e3o, grandes benef\u00edcios econ\u00f4micos e sociais. O reconhecimento \u00e0 institui\u00e7\u00e3o estava sempre presente.<\/p>\n<p>Relembro todos estes momentos; a\u00ed, ganhei bons colegas e amigos; as decep\u00e7\u00f5es, o tempo e meus sentimentos j\u00e1 apagaram.<\/p>\n<p><!--more--><\/p>\n<p>Uma nova fase vem \u00e0 minha mente. O per\u00edodo da colabora\u00e7\u00e3o com a administra\u00e7\u00e3o superior. A conviv\u00eancia mais intensa com as decis\u00f5es maiores sobre o planejamento, a execu\u00e7\u00e3o e a avalia\u00e7\u00e3o dos trabalhos t\u00e9cnicos e administrativos; por algum tempo, atuei nas representa\u00e7\u00f5es brasileiras nas reuni\u00f5es do Acordo Internacional do Cacau. Um grande aprendizado e bons resultados para a economia cacaueira do Brasil.<\/p>\n<p>S\u00e3o passados 50 e poucos anos de vida institucional; acompanho de longe, o seu desempenho, suas conquistas cientificas, suas decis\u00f5es tomadas ou deixadas de lado. Seu distanciamento dos problemas regionais e a aus\u00eancia, quase que absoluta, dos produtores de cacau e das lideran\u00e7as pol\u00edticas regional em sua defesa.<\/p>\n<p>Agora, visito o \u201csite\u201d da institui\u00e7\u00e3o. Fico conhecendo o documento \u2013 \u201c<em>Carta de Servi\u00e7o do Cidad\u00e3o<\/em>\u201d \u2013 as normas e procedimentos a serem adotados pela organiza\u00e7\u00e3o. \u00a0Li, mais de uma vez. Procurei me convencer que estamos em outros tempos, em outra era. Meu tempo j\u00e1 passou, acabou.<\/p>\n<p>Deixar de chamar: o Produtor Rural ou o Cacauicultor ou ainda, o Empres\u00e1rio Rural, para cham\u00e1-lo de o \u201cCidad\u00e3o\u201d, \u00e9 rid\u00edculo, descaracterizando t\u00e3o importante profiss\u00e3o. \u00a0\u00a0O idealismo foi abolido, os movimentos e campanhas de motiva\u00e7\u00e3o, atraindo educadamente a participa\u00e7\u00e3o dos homens do campo, desapareceram. Os t\u00e9cnicos extensionistas n\u00e3o procuram conquistar adeptos ao programa de desenvolvimento das propriedades agr\u00edcolas; eles, aguardam a procura formalizada dos interessados, dentro de normas burocr\u00e1ticas e de custo financeiro fixado.<\/p>\n<p>As metas institucionais de plantio ou de renova\u00e7\u00e3o de cacauais n\u00e3o s\u00e3o estabelecidas e conquistadas por orienta\u00e7\u00e3o educativa permanente dos extensionistas; ficam na depend\u00eancia da iniciativa dos chamados \u201ccidad\u00e3o\u201d. \u00a0\u00a0\u00a0Ser\u00e1 que os Produtores de Cacau de toda a regi\u00e3o, grandes, m\u00e9dios e pequenos, j\u00e1 possuem este est\u00e1gio evolutivo empresarial?<\/p>\n<p>O \u201cCidad\u00e3o\u201d tem que se apresentar no Escrit\u00f3rio Local, munido de seus documentos para requerer, por escrito uma visita do T\u00e9cnico \u00e0 sua propriedade agr\u00edcola, com o objetivo de receber uma orienta\u00e7\u00e3o, como por exemplo, o combate a uma enfermidade do cacau; e para isto, tem que pagar (quanto, n\u00e3o sei, existe uma tabela). \u00a0\u00a0Tudo isto para atender os agricultores familiares, os assentamentos, os quilombolas, os ind\u00edgenas e os pescadores artesanais. Assim, \u00e9 a Ceplac atual; uma institui\u00e7\u00e3o social sem o devido preparo profissional para tal atividade. Deixou de ser aquele \u00f3rg\u00e3o que os cacauicultores idealizaram, participaram de sua cria\u00e7\u00e3o e por alguns anos, a mantiveram financeiramente. S\u00e3o os novos tempos!<\/p>\n<p>N\u00e3o h\u00e1 mais prop\u00f3sitos e objetivos de desenvolver econ\u00f4mica e socialmente a regi\u00e3o do sul da Bahia; reduzem-se as pesquisas cientificas, desmonta-se a estrutura e cedem-se \u00e1reas e instala\u00e7\u00f5es. Espera-se o fim.<\/p>\n<p>As saudades e lembran\u00e7as v\u00e3o ficar no encontro de funcion\u00e1rios aposentados e idosos relembrando um passado feliz e produtivo. Este sentimento est\u00e1 sempre presente na Associa\u00e7\u00e3o de Aposentados e Pensionistas da Ceplac, que mantem um verdadeiro espirito ceplaqueano.<\/p>\n<p>&nbsp;<\/p>\n<p>Jorge Raymundo Vieira \u00a0\u00a0\u00a0\u00a0\u00a0\u00a0\u00a0\u00a0\u00a0\u00a0\u00a0\u00a0\u00a0\u00a0\u00a0\u00a0\u00a0\u00a0\u00a0\u00a0\u00a0\u00a0\u00a0\u00a0\u00a0\u00a0\u00a0\u00a0\u00a0\u00a0\u00a0\u00a0\u00a0\u00a0\u00a0\u00a0\u00a0\u00a0\u00a0\u00a0\u00a0\u00a0\u00a0\u00a0\u00a0\u00a0\u00a0\u00a0\u00a0\u00a0\u00a0\u00a0\u00a0\u00a0\u00a0\u00a0\u00a0\u00a0\u00a0\u00a0\u00a0\u00a0\u00a0\u00a0\u00a0\u00a0\u00a0\u00a0\u00a0\u00a0\u00a0\u00a0\u00a0Engenheiro Agr\u00f4nomo, MS \u2013 Aposentado \u2013 agosto 2015<\/p>\n","protected":false},"excerpt":{"rendered":"<p>Por Jorge Vieira. Enquanto aguardo a impress\u00e3o do meu livro \u2013 Ceplac \u2013 50 Anos em 50 Escritos \u2013 relembro momentos, acontecimentos, amigos e realiza\u00e7\u00f5es; s\u00e3o saudades, surgidas nesse desenlace, mais sentimental que profissional, do\u00a0\u00a0\u00a0\u00a0\u00a0 \u00a0\u00a0excelente per\u00edodo de vida e de trabalho t\u00e9cnico. Recordo as viagens com os funcion\u00e1rios Edelvito, Diomedes ou Z\u00e9 Verdinho, ex\u00edmios [&hellip;]<\/p>\n","protected":false},"author":2,"featured_media":0,"comment_status":"open","ping_status":"open","sticky":false,"template":"","format":"standard","meta":{"_links_to":"","_links_to_target":""},"categories":[10],"tags":[],"_links":{"self":[{"href":"https:\/\/www.r2cpress.com.br\/v1\/wp-json\/wp\/v2\/posts\/95599"}],"collection":[{"href":"https:\/\/www.r2cpress.com.br\/v1\/wp-json\/wp\/v2\/posts"}],"about":[{"href":"https:\/\/www.r2cpress.com.br\/v1\/wp-json\/wp\/v2\/types\/post"}],"author":[{"embeddable":true,"href":"https:\/\/www.r2cpress.com.br\/v1\/wp-json\/wp\/v2\/users\/2"}],"replies":[{"embeddable":true,"href":"https:\/\/www.r2cpress.com.br\/v1\/wp-json\/wp\/v2\/comments?post=95599"}],"version-history":[{"count":2,"href":"https:\/\/www.r2cpress.com.br\/v1\/wp-json\/wp\/v2\/posts\/95599\/revisions"}],"predecessor-version":[{"id":95601,"href":"https:\/\/www.r2cpress.com.br\/v1\/wp-json\/wp\/v2\/posts\/95599\/revisions\/95601"}],"wp:attachment":[{"href":"https:\/\/www.r2cpress.com.br\/v1\/wp-json\/wp\/v2\/media?parent=95599"}],"wp:term":[{"taxonomy":"category","embeddable":true,"href":"https:\/\/www.r2cpress.com.br\/v1\/wp-json\/wp\/v2\/categories?post=95599"},{"taxonomy":"post_tag","embeddable":true,"href":"https:\/\/www.r2cpress.com.br\/v1\/wp-json\/wp\/v2\/tags?post=95599"}],"curies":[{"name":"wp","href":"https:\/\/api.w.org\/{rel}","templated":true}]}}