{"id":95619,"date":"2015-09-03T19:45:56","date_gmt":"2015-09-03T22:45:56","guid":{"rendered":"http:\/\/www.r2cpress.com.br\/v1\/?p=95619"},"modified":"2015-09-03T19:45:56","modified_gmt":"2015-09-03T22:45:56","slug":"prefeitura-de-ilheus-32","status":"publish","type":"post","link":"https:\/\/www.r2cpress.com.br\/v1\/2015\/09\/03\/prefeitura-de-ilheus-32\/","title":{"rendered":"Prefeitura de Ilh\u00e9us"},"content":{"rendered":"<h2 style=\"text-align: center;\"><span style=\"color: #000000;\"><strong>Prefeitura de Ilh\u00e9us<\/strong><\/span><\/h2>\n<p style=\"text-align: center;\"><strong>Secretaria de Comunica\u00e7\u00e3o Social<\/strong><\/p>\n<h2 style=\"text-align: center;\"><span style=\"color: #000000;\"><strong>Nota\u00a0P\u00fablica<\/strong><\/span><\/h2>\n<p>Em virtude da agress\u00e3o f\u00edsica, com les\u00e3o corporal, sofrida pelo Chefe\u00a0 de Fiscaliza\u00e7\u00e3o da Superintend\u00eancia de Transporte e Tr\u00e2nsito (Sutran) do Munic\u00edpio de Ilh\u00e9us &#8211; vinculada \u00e0 Secretaria de Infraestrutura, Transporte e Tr\u00e2nsito (Seintra), Carlos Campos, ocorrida no \u00faltimo s\u00e1bado, 29, no centro da cidade, e considerando que:<\/p>\n<ol>\n<li>\u00a01.\u00a0O epis\u00f3dio da agress\u00e3o foi decorrente do exerc\u00edcio da fun\u00e7\u00e3o do agente\u00a0p\u00fablicomunicipal no que concerne \u00e0 fiscaliza\u00e7\u00e3o do transporte clandestino na cidade;<\/li>\n<li>\u00a02.\u00a0A Administra\u00e7\u00e3o Municipal continuar\u00e1 cumprindo o seu dever no controle e fiscaliza\u00e7\u00e3o do transporte clandestino, cuja pr\u00e1tica p\u00f5e em risco a seguran\u00e7a dos cidad\u00e3os e cidad\u00e3s;<\/li>\n<li>\u00a03.\u00a0O uso da viol\u00eancia n\u00e3o deve intimidar a a\u00e7\u00e3o dos agentes de fiscaliza\u00e7\u00e3o do transporte e do tr\u00e2nsito.<\/li>\n<\/ol>\n<p>A Prefeitura de Ilh\u00e9us vem, atrav\u00e9s desta, repudiar qualquer ato de agress\u00e3o, em especial contra os servidores municipais no exerc\u00edcio da fun\u00e7\u00e3o\u00a0p\u00fablica, e prestar solidariedade ao chefe de Fiscaliza\u00e7\u00e3o da Sutran pelo ocorrido.<\/p>\n<p>Nesse sentido, o Governo Municipal garante que n\u00e3o se intimidar\u00e1 diante de tais amea\u00e7as na defesa do interesse\u00a0p\u00fablico\u00a0e informa que tomar\u00e1 as medidas judiciais cab\u00edveis \u00e0 repara\u00e7\u00e3o do ato, atrav\u00e9s da Procuradoria Geral do Munic\u00edpio.<\/p>\n<p style=\"text-align: center;\"><strong>\u00a0<\/strong><strong>Ilh\u00e9us, 3 de setembro de 2015.\u00a0<\/strong><strong>\u00a0<\/strong><\/p>\n","protected":false},"excerpt":{"rendered":"<p>Prefeitura de Ilh\u00e9us Secretaria de Comunica\u00e7\u00e3o Social Nota\u00a0P\u00fablica Em virtude da agress\u00e3o f\u00edsica, com les\u00e3o corporal, sofrida pelo Chefe\u00a0 de Fiscaliza\u00e7\u00e3o da Superintend\u00eancia de Transporte e Tr\u00e2nsito (Sutran) do Munic\u00edpio de Ilh\u00e9us &#8211; vinculada \u00e0 Secretaria de Infraestrutura, Transporte e Tr\u00e2nsito (Seintra), Carlos Campos, ocorrida no \u00faltimo s\u00e1bado, 29, no centro da cidade, e considerando [&hellip;]<\/p>\n","protected":false},"author":2,"featured_media":0,"comment_status":"open","ping_status":"open","sticky":false,"template":"","format":"standard","meta":{"_links_to":"","_links_to_target":""},"categories":[23],"tags":[],"_links":{"self":[{"href":"https:\/\/www.r2cpress.com.br\/v1\/wp-json\/wp\/v2\/posts\/95619"}],"collection":[{"href":"https:\/\/www.r2cpress.com.br\/v1\/wp-json\/wp\/v2\/posts"}],"about":[{"href":"https:\/\/www.r2cpress.com.br\/v1\/wp-json\/wp\/v2\/types\/post"}],"author":[{"embeddable":true,"href":"https:\/\/www.r2cpress.com.br\/v1\/wp-json\/wp\/v2\/users\/2"}],"replies":[{"embeddable":true,"href":"https:\/\/www.r2cpress.com.br\/v1\/wp-json\/wp\/v2\/comments?post=95619"}],"version-history":[{"count":1,"href":"https:\/\/www.r2cpress.com.br\/v1\/wp-json\/wp\/v2\/posts\/95619\/revisions"}],"predecessor-version":[{"id":95620,"href":"https:\/\/www.r2cpress.com.br\/v1\/wp-json\/wp\/v2\/posts\/95619\/revisions\/95620"}],"wp:attachment":[{"href":"https:\/\/www.r2cpress.com.br\/v1\/wp-json\/wp\/v2\/media?parent=95619"}],"wp:term":[{"taxonomy":"category","embeddable":true,"href":"https:\/\/www.r2cpress.com.br\/v1\/wp-json\/wp\/v2\/categories?post=95619"},{"taxonomy":"post_tag","embeddable":true,"href":"https:\/\/www.r2cpress.com.br\/v1\/wp-json\/wp\/v2\/tags?post=95619"}],"curies":[{"name":"wp","href":"https:\/\/api.w.org\/{rel}","templated":true}]}}